{"id":5495,"date":"2015-08-20T15:50:46","date_gmt":"2015-08-20T20:50:46","guid":{"rendered":"http:\/\/www.perupesquero.org\/?p=5495"},"modified":"2015-08-20T15:50:46","modified_gmt":"2015-08-20T20:50:46","slug":"identifican-zonas-criticas-en-4-distritos-del-santa-ante-llegada-de-el-nino","status":"publish","type":"post","link":"http:\/\/www.perupesquero.org\/web\/identifican-zonas-criticas-en-4-distritos-del-santa-ante-llegada-de-el-nino\/","title":{"rendered":"Identifican zonas cr\u00edticas en 4 distritos del Santa ante llegada de El Ni\u00f1o"},"content":{"rendered":"<p style=\"text-align: justify;\">La Alcaldesa de la Municipalidad Provincial del Santa (MPS), Victoria Espinoza Garc\u00eda, encabez\u00f3 una inspecci\u00f3n a los puntos cr\u00edticos existentes en las zonas rurales de 4 distritos de esta provincia ante una eventual llegada del fen\u00f3menos El Ni\u00f1o, se inform\u00f3 hoy.<\/p>\n<p style=\"text-align: justify;\">La Burgomaestre provincial estuvo acompa\u00f1ada de los alcaldes de los distritos de C\u00e1ceres del Per\u00fa, Jaime Carri\u00f3n; Nepe\u00f1a, Manuel Figueroa; Samanco, Francisco Ariza y de Moro, Fernando Vill\u00f3n Sotelo.<\/p>\n<p style=\"text-align: justify;\">Entre las zonas vulnerables ante este fen\u00f3meno, que ser\u00eda de intensidad fuerte a extraordinario, est\u00e1n el puente Lampanin, entrada de Barranco, puente Quiway, puente Vinchamarca y Tambar.<\/p>\n<p style=\"text-align: justify;\">Esta situaci\u00f3n perjudicar\u00eda asimismo a los distritos antes mencionados y la Quebrada Seca Solivin, Cocharcas y Cerro Blanco en el Distrito de Nepe\u00f1a.<\/p>\n<p style=\"text-align: justify;\">Del mismo modo, se realiz\u00f3 la inspecci\u00f3n en Huambacho El Arenal, Puente Huambacho La Huaca, Huambacho La Huaca, Los Patillos y Los Chimus, en el Distrito de Samanco.<\/p>\n<p style=\"text-align: justify;\">Espinoza sostuvo que se realizan las inspecciones a fin de realizar una recopilaci\u00f3n f\u00edlmica de los puntos cr\u00edticos, informaci\u00f3n que posteriormente ser\u00e1 presentada por los alcaldes distritales y la Alcaldesa provincial al Gobierno Central para que se adopten las respectivas medidas de prevenci\u00f3n.<\/p>\n<p style=\"text-align: justify;\"><strong>FUENTE:<\/strong> Andina.com.pe<\/p>\n","protected":false},"excerpt":{"rendered":"<p>La Alcaldesa de la Municipalidad Provincial del Santa (MPS), Victoria Espinoza Garc\u00eda, encabez\u00f3 una inspecci\u00f3n a los puntos cr\u00edticos existentes en las zonas rurales de 4 distritos de esta provincia ante una eventual llegada del fen\u00f3menos El Ni\u00f1o, se inform\u00f3 hoy. La Burgomaestre provincial estuvo acompa\u00f1ada de los alcaldes de los distritos de C\u00e1ceres del [&hellip;]<\/p>\n","protected":false},"author":2,"featured_media":5496,"comment_status":"open","ping_status":"open","sticky":false,"template":"","format":"standard","meta":{"footnotes":""},"categories":[78,63,67],"tags":[1076,1884],"class_list":["post-5495","post","type-post","status-publish","format-standard","has-post-thumbnail","hentry","category-nacionales","category-noticias","category-pesqueria","tag-llegada-de-el-nino","tag-zonas-criticas-en-4-distritos-del-santa"],"_links":{"self":[{"href":"http:\/\/www.perupesquero.org\/web\/wp-json\/wp\/v2\/posts\/5495","targetHints":{"allow":["GET"]}}],"collection":[{"href":"http:\/\/www.perupesquero.org\/web\/wp-json\/wp\/v2\/posts"}],"about":[{"href":"http:\/\/www.perupesquero.org\/web\/wp-json\/wp\/v2\/types\/post"}],"author":[{"embeddable":true,"href":"http:\/\/www.perupesquero.org\/web\/wp-json\/wp\/v2\/users\/2"}],"replies":[{"embeddable":true,"href":"http:\/\/www.perupesquero.org\/web\/wp-json\/wp\/v2\/comments?post=5495"}],"version-history":[{"count":0,"href":"http:\/\/www.perupesquero.org\/web\/wp-json\/wp\/v2\/posts\/5495\/revisions"}],"wp:featuredmedia":[{"embeddable":true,"href":"http:\/\/www.perupesquero.org\/web\/wp-json\/wp\/v2\/media\/5496"}],"wp:attachment":[{"href":"http:\/\/www.perupesquero.org\/web\/wp-json\/wp\/v2\/media?parent=5495"}],"wp:term":[{"taxonomy":"category","embeddable":true,"href":"http:\/\/www.perupesquero.org\/web\/wp-json\/wp\/v2\/categories?post=5495"},{"taxonomy":"post_tag","embeddable":true,"href":"http:\/\/www.perupesquero.org\/web\/wp-json\/wp\/v2\/tags?post=5495"}],"curies":[{"name":"wp","href":"https:\/\/api.w.org\/{rel}","templated":true}]}}