{"id":5371,"date":"2015-08-11T12:23:27","date_gmt":"2015-08-11T17:23:27","guid":{"rendered":"http:\/\/www.perupesquero.org\/?p=5371"},"modified":"2015-08-11T12:23:27","modified_gmt":"2015-08-11T17:23:27","slug":"venezuela-prohibida-pesca-de-camaron-en-zona-costera-occidental-del-estado-falcon","status":"publish","type":"post","link":"http:\/\/www.perupesquero.org\/web\/venezuela-prohibida-pesca-de-camaron-en-zona-costera-occidental-del-estado-falcon\/","title":{"rendered":"VENEZUELA &#8211; Prohibida pesca de Camar\u00f3n en zona costera occidental del estado Falc\u00f3n"},"content":{"rendered":"<p style=\"text-align: justify;\">A partir de este martes 11 de agosto y hasta el pr\u00f3ximo 5 de septiembre se extender\u00e1 el per\u00edodo de veda para la Pesca de la especie de Camar\u00f3n litopenaeus schimitti y xiphopenaeus kroyeri, en la zona costera occidental del estado Falc\u00f3n.<\/p>\n<p style=\"text-align: justify;\">El referido lapso de prohibici\u00f3n de la actividad, espec\u00edficamente referida a este crust\u00e1ceo, fue dispuesto en la Gaceta Oficial N.- 38.248 publicada el 11 de agosto de 2005 en la Providencia Administrativa N.- 42 de MAT-INAPESCA.<\/p>\n<p style=\"text-align: justify;\"><strong>Insopesca<\/strong> solicit\u00f3 a los pescadores que aprovechan este crust\u00e1ceo comercialmente acatar lo establecido en el marco legal vigente, para no ser objeto de las sanciones correspondientes pautadas en la Ley.<\/p>\n<p style=\"text-align: justify;\">La zona protegida es y ser\u00e1 monitoreada constantemente por todos los entes del Gobierno encargados de tal labor, advierte Insopesca, a fin de garantizar<em> &#8220;este tiempo de descanso al camar\u00f3n y respetar su \u00e9poca de reproducci\u00f3n. De esta manera se podr\u00e1 garantizar su aprovechamiento sustentable y con el menor impacto al ecosistema marino&#8221;,<\/em> reza la nota del organismo.<\/p>\n<p style=\"text-align: justify;\"><strong>FUENTE:<\/strong> Eluniversal.com<\/p>\n","protected":false},"excerpt":{"rendered":"<p>A partir de este martes 11 de agosto y hasta el pr\u00f3ximo 5 de septiembre se extender\u00e1 el per\u00edodo de veda para la Pesca de la especie de Camar\u00f3n litopenaeus schimitti y xiphopenaeus kroyeri, en la zona costera occidental del estado Falc\u00f3n. El referido lapso de prohibici\u00f3n de la actividad, espec\u00edficamente referida a este crust\u00e1ceo, [&hellip;]<\/p>\n","protected":false},"author":2,"featured_media":5372,"comment_status":"open","ping_status":"open","sticky":false,"template":"","format":"standard","meta":{"footnotes":""},"categories":[77,63,67],"tags":[390,939],"class_list":["post-5371","post","type-post","status-publish","format-standard","has-post-thumbnail","hentry","category-internacionales","category-noticias","category-pesqueria","tag-camaron","tag-insopesca"],"_links":{"self":[{"href":"http:\/\/www.perupesquero.org\/web\/wp-json\/wp\/v2\/posts\/5371","targetHints":{"allow":["GET"]}}],"collection":[{"href":"http:\/\/www.perupesquero.org\/web\/wp-json\/wp\/v2\/posts"}],"about":[{"href":"http:\/\/www.perupesquero.org\/web\/wp-json\/wp\/v2\/types\/post"}],"author":[{"embeddable":true,"href":"http:\/\/www.perupesquero.org\/web\/wp-json\/wp\/v2\/users\/2"}],"replies":[{"embeddable":true,"href":"http:\/\/www.perupesquero.org\/web\/wp-json\/wp\/v2\/comments?post=5371"}],"version-history":[{"count":0,"href":"http:\/\/www.perupesquero.org\/web\/wp-json\/wp\/v2\/posts\/5371\/revisions"}],"wp:featuredmedia":[{"embeddable":true,"href":"http:\/\/www.perupesquero.org\/web\/wp-json\/wp\/v2\/media\/5372"}],"wp:attachment":[{"href":"http:\/\/www.perupesquero.org\/web\/wp-json\/wp\/v2\/media?parent=5371"}],"wp:term":[{"taxonomy":"category","embeddable":true,"href":"http:\/\/www.perupesquero.org\/web\/wp-json\/wp\/v2\/categories?post=5371"},{"taxonomy":"post_tag","embeddable":true,"href":"http:\/\/www.perupesquero.org\/web\/wp-json\/wp\/v2\/tags?post=5371"}],"curies":[{"name":"wp","href":"https:\/\/api.w.org\/{rel}","templated":true}]}}