{"id":5368,"date":"2015-08-11T12:19:10","date_gmt":"2015-08-11T17:19:10","guid":{"rendered":"http:\/\/www.perupesquero.org\/?p=5368"},"modified":"2015-08-11T12:19:10","modified_gmt":"2015-08-11T17:19:10","slug":"lima-suspenden-la-pesca-en-muelle-de-chorrillos","status":"publish","type":"post","link":"http:\/\/www.perupesquero.org\/web\/lima-suspenden-la-pesca-en-muelle-de-chorrillos\/","title":{"rendered":"LIMA &#8211; Suspenden la Pesca en muelle de Chorrillos"},"content":{"rendered":"<p style=\"text-align: justify;\">Los pescadores permanecen en el muelle de Chorrillos, en la Costa Verde, sin poder ingresar al Mar como medida de prevenci\u00f3n ante los oleajes an\u00f3malos que se registran desde la madrugada del domingo en el litoral peruano. Las labores fueron paralizadas esta ma\u00f1ana por recomendaci\u00f3n del Instituto Nacional de Defensa Civil (Indeci).<\/p>\n<p style=\"text-align: justify;\">En im\u00e1genes difundidas por ATV+ se observa como los pescadores se dedican a remendar sus redes o pintar sus embarcaciones, mientras el terminal pesquero luce casi vac\u00edo. El movimiento comercial en el lugar tambi\u00e9n ha quedado suspendido.<\/p>\n<p style=\"text-align: justify;\">Algunos pescadores indicaron que no ingresan al Mar desde hace una semana pues desde entonces comenzaron a presentarse oleajes an\u00f3malos. Esto para evitar que sus embarcaciones terminen destruidas como en el oleajes registrado en el mes de mayo.<\/p>\n<p style=\"text-align: justify;\">Sin embargo, se\u00f1alaron sentirse preocupados porque esta situaci\u00f3n causar\u00e1 estragos en su econom\u00eda. <em>&#8220;Debemos trabajar para tener qu\u00e9 comer&#8221;<\/em>, dijo uno de los afectados.<\/p>\n<p style=\"text-align: justify;\"><strong>FUENTE:<\/strong> Elcomercio.pe<\/p>\n","protected":false},"excerpt":{"rendered":"<p>Los pescadores permanecen en el muelle de Chorrillos, en la Costa Verde, sin poder ingresar al Mar como medida de prevenci\u00f3n ante los oleajes an\u00f3malos que se registran desde la madrugada del domingo en el litoral peruano. Las labores fueron paralizadas esta ma\u00f1ana por recomendaci\u00f3n del Instituto Nacional de Defensa Civil (Indeci). En im\u00e1genes difundidas [&hellip;]<\/p>\n","protected":false},"author":2,"featured_media":5369,"comment_status":"open","ping_status":"open","sticky":false,"template":"","format":"standard","meta":{"footnotes":""},"categories":[78,63,67],"tags":[1068,1266,1755],"class_list":["post-5368","post","type-post","status-publish","format-standard","has-post-thumbnail","hentry","category-nacionales","category-noticias","category-pesqueria","tag-lisma","tag-oleajes-anomalos","tag-suspenden-pesca"],"_links":{"self":[{"href":"http:\/\/www.perupesquero.org\/web\/wp-json\/wp\/v2\/posts\/5368","targetHints":{"allow":["GET"]}}],"collection":[{"href":"http:\/\/www.perupesquero.org\/web\/wp-json\/wp\/v2\/posts"}],"about":[{"href":"http:\/\/www.perupesquero.org\/web\/wp-json\/wp\/v2\/types\/post"}],"author":[{"embeddable":true,"href":"http:\/\/www.perupesquero.org\/web\/wp-json\/wp\/v2\/users\/2"}],"replies":[{"embeddable":true,"href":"http:\/\/www.perupesquero.org\/web\/wp-json\/wp\/v2\/comments?post=5368"}],"version-history":[{"count":0,"href":"http:\/\/www.perupesquero.org\/web\/wp-json\/wp\/v2\/posts\/5368\/revisions"}],"wp:featuredmedia":[{"embeddable":true,"href":"http:\/\/www.perupesquero.org\/web\/wp-json\/wp\/v2\/media\/5369"}],"wp:attachment":[{"href":"http:\/\/www.perupesquero.org\/web\/wp-json\/wp\/v2\/media?parent=5368"}],"wp:term":[{"taxonomy":"category","embeddable":true,"href":"http:\/\/www.perupesquero.org\/web\/wp-json\/wp\/v2\/categories?post=5368"},{"taxonomy":"post_tag","embeddable":true,"href":"http:\/\/www.perupesquero.org\/web\/wp-json\/wp\/v2\/tags?post=5368"}],"curies":[{"name":"wp","href":"https:\/\/api.w.org\/{rel}","templated":true}]}}