{"id":5362,"date":"2015-08-11T11:59:25","date_gmt":"2015-08-11T16:59:25","guid":{"rendered":"http:\/\/www.perupesquero.org\/?p=5362"},"modified":"2015-08-11T11:59:25","modified_gmt":"2015-08-11T16:59:25","slug":"tumbes-un-pescador-de-puerto-pizarro-lleva-cinco-dias-perdido-en-aguas-ecuatorianas","status":"publish","type":"post","link":"http:\/\/www.perupesquero.org\/web\/tumbes-un-pescador-de-puerto-pizarro-lleva-cinco-dias-perdido-en-aguas-ecuatorianas\/","title":{"rendered":"TUMBES &#8211; Un pescador de puerto Pizarro lleva cinco d\u00edas perdido en aguas ecuatorianas"},"content":{"rendered":"<p style=\"text-align: justify;\">Desde hace seis d\u00edas un grupo de embarcaciones buscan a un pescador que cay\u00f3 en alta mar cuando realizaba su faena de Pesca en el lado ecuatoriano, cerca a Villa puerto Pizarro.<\/p>\n<p style=\"text-align: justify;\">Sus familiares piden apoyo econ\u00f3mico a al gobernador regional y al alcalde de Tumbes.<\/p>\n<p style=\"text-align: justify;\"><strong>B\u00daSQUEDA.<\/strong> Los pescadores artesanales de la Villa puerto Pizarro se encuentran en la b\u00fasqueda de Firmo Calle C\u00f3rdova de 38 a\u00f1os, natural de Piura.<\/p>\n<p style=\"text-align: justify;\">Seg\u00fan refieren sus compa\u00f1eros el jueves en la noche retornaban en la embarcaci\u00f3n artesanal \u201cMi Josmel\u201d tras permanecer cinco d\u00edas en realizando faenas de pesca junto a otros compa\u00f1eros.<\/p>\n<p style=\"text-align: justify;\"><em>\u201c\u00c9l se encontraba en la borda lavando pescado cuando una gran ola golpea contra el bote y Firmo perdi\u00f3 el equilibrio cayendo al agua\u201d<\/em>, contaron sus amigos.<\/p>\n<p style=\"text-align: justify;\">Los hombres de Mar al dar la vuelta el nav\u00edo no lo encontraron a pesar de que le llamaron a voz en grito \u201cGuayas\u201d como lo conoc\u00edan. En la oscuridad de la noche no pudieron divisarlo.La misma noche otras naves salieron a rescatarlo pero sin resultado alguno. Al siguiente d\u00eda lo mismo pero las esperanzas disminu\u00edan.<\/p>\n<p style=\"text-align: justify;\">Sus familiares entre ellos su hermano Elio, regidor de la comuna de puerto Pizarro cree que, aunque es m\u00ednima la posibilidad de encontrarlo vivo no descansar\u00e1n hasta saber de \u00e9l o encontrar su cuerpo.<\/p>\n<p style=\"text-align: justify;\"><em>\u201cLes pido a las autoridades regionales y locales apoyo con combustible y suministros para los navi\u00f3s que\u00a0est\u00e1n\u00a0saliendo\u00a0a buscar a mi hermano\u201d,<\/em> indic\u00f3 Elio Calle.<\/p>\n<p style=\"text-align: justify;\">Se supo que los dirigentes artesanales est\u00e1n coordinando con la Marina de Ecuador y asociaciones de pescadores para hacer extensiva la b\u00fasqueda del pescador desaparecido.<\/p>\n<p style=\"text-align: justify;\"><strong>FUENTE:<\/strong> Diariocorreo.pe<\/p>\n","protected":false},"excerpt":{"rendered":"<p>Desde hace seis d\u00edas un grupo de embarcaciones buscan a un pescador que cay\u00f3 en alta mar cuando realizaba su faena de Pesca en el lado ecuatoriano, cerca a Villa puerto Pizarro. Sus familiares piden apoyo econ\u00f3mico a al gobernador regional y al alcalde de Tumbes. B\u00daSQUEDA. Los pescadores artesanales de la Villa puerto Pizarro [&hellip;]<\/p>\n","protected":false},"author":2,"featured_media":5363,"comment_status":"open","ping_status":"open","sticky":false,"template":"","format":"standard","meta":{"footnotes":""},"categories":[78,63,67],"tags":[1391,1870],"class_list":["post-5362","post","type-post","status-publish","format-standard","has-post-thumbnail","hentry","category-nacionales","category-noticias","category-pesqueria","tag-pescador-desaparecido","tag-villa-puerto-pizarro"],"_links":{"self":[{"href":"http:\/\/www.perupesquero.org\/web\/wp-json\/wp\/v2\/posts\/5362","targetHints":{"allow":["GET"]}}],"collection":[{"href":"http:\/\/www.perupesquero.org\/web\/wp-json\/wp\/v2\/posts"}],"about":[{"href":"http:\/\/www.perupesquero.org\/web\/wp-json\/wp\/v2\/types\/post"}],"author":[{"embeddable":true,"href":"http:\/\/www.perupesquero.org\/web\/wp-json\/wp\/v2\/users\/2"}],"replies":[{"embeddable":true,"href":"http:\/\/www.perupesquero.org\/web\/wp-json\/wp\/v2\/comments?post=5362"}],"version-history":[{"count":0,"href":"http:\/\/www.perupesquero.org\/web\/wp-json\/wp\/v2\/posts\/5362\/revisions"}],"wp:featuredmedia":[{"embeddable":true,"href":"http:\/\/www.perupesquero.org\/web\/wp-json\/wp\/v2\/media\/5363"}],"wp:attachment":[{"href":"http:\/\/www.perupesquero.org\/web\/wp-json\/wp\/v2\/media?parent=5362"}],"wp:term":[{"taxonomy":"category","embeddable":true,"href":"http:\/\/www.perupesquero.org\/web\/wp-json\/wp\/v2\/categories?post=5362"},{"taxonomy":"post_tag","embeddable":true,"href":"http:\/\/www.perupesquero.org\/web\/wp-json\/wp\/v2\/tags?post=5362"}],"curies":[{"name":"wp","href":"https:\/\/api.w.org\/{rel}","templated":true}]}}