{"id":5359,"date":"2015-08-10T08:50:12","date_gmt":"2015-08-10T13:50:12","guid":{"rendered":"http:\/\/www.perupesquero.org\/?p=5359"},"modified":"2015-08-10T08:50:12","modified_gmt":"2015-08-10T13:50:12","slug":"fenomeno-de-el-nino-declaran-en-emergencia-17-distritos-del-pais","status":"publish","type":"post","link":"http:\/\/www.perupesquero.org\/web\/fenomeno-de-el-nino-declaran-en-emergencia-17-distritos-del-pais\/","title":{"rendered":"Fen\u00f3meno de El Ni\u00f1o: declaran en emergencia 17 distritos del pa\u00eds"},"content":{"rendered":"<p>El Gobierno de Per\u00fa declar\u00f3 este domingo en emergencia a 17 distritos del norte del pa\u00eds durante 60 d\u00edas como medida preventiva ante el &#8220;peligro inminente&#8221; de inundaciones por lluvias causadas por el fen\u00f3meno climatol\u00f3gico de El Ni\u00f1o.<\/p>\n<p>Un decreto supremo de la Presidencia del Consejo de Ministros (PCM) publicado este lunes en el diario oficial El Peruano orden\u00f3 a las autoridades locales ejecutar acciones inmediatas y necesarias destinadas a la reducci\u00f3n del riesgo muy alto de que se registren da\u00f1os personales y materiales.<\/p>\n<p>Los distritos contemplados en el decreto son Aguas Verdes y Zarumilla, en la Regi\u00f3n de Tumbes, y M\u00e1ncora, Los \u00d3rganos, Yamango, Santo Domingo, Santa Catalina de Mossa, San Juan de Bigote, Salitral, Morrop\u00f3n, Chalaco, Buenos Aires, Lalaquiz, Paimas, Lagunas, Fr\u00edas y Sapillica, en la Regi\u00f3n de Piura.<\/p>\n<p>Los municipios peruanos en emergencia se encuentran pr\u00f3ximos a la frontera con Ecuador, donde en a\u00f1os anteriores se registraron inundaciones por el mismo fen\u00f3meno.<\/p>\n<p>El documento indic\u00f3 que el riesgo de deslizamientos e inundaciones en esa zona puede extenderse hasta el inicio del pr\u00f3ximo verano austral.<\/p>\n<p>El fen\u00f3meno de El Ni\u00f1o es un evento climatol\u00f3gico de car\u00e1cter peri\u00f3dico que eleva la temperatura del Mar en la costa y posteriormente genera lluvias torrenciales y aluviones en las zonas cercanas del litoral, lo que suele generar inundaciones en zonas urbanas y agr\u00edcolas.<\/p>\n<p><strong>FUENTE:<\/strong> Rpp.com.pe<\/p>\n","protected":false},"excerpt":{"rendered":"<p>El Gobierno de Per\u00fa declar\u00f3 este domingo en emergencia a 17 distritos del norte del pa\u00eds durante 60 d\u00edas como medida preventiva ante el &#8220;peligro inminente&#8221; de inundaciones por lluvias causadas por el fen\u00f3meno climatol\u00f3gico de El Ni\u00f1o. Un decreto supremo de la Presidencia del Consejo de Ministros (PCM) publicado este lunes en el diario [&hellip;]<\/p>\n","protected":false},"author":2,"featured_media":5360,"comment_status":"open","ping_status":"open","sticky":false,"template":"","format":"standard","meta":{"footnotes":""},"categories":[78,63,67],"tags":[800,1337],"class_list":["post-5359","post","type-post","status-publish","format-standard","has-post-thumbnail","hentry","category-nacionales","category-noticias","category-pesqueria","tag-fenomeno-de-el-nino","tag-peligro-inminente"],"_links":{"self":[{"href":"http:\/\/www.perupesquero.org\/web\/wp-json\/wp\/v2\/posts\/5359","targetHints":{"allow":["GET"]}}],"collection":[{"href":"http:\/\/www.perupesquero.org\/web\/wp-json\/wp\/v2\/posts"}],"about":[{"href":"http:\/\/www.perupesquero.org\/web\/wp-json\/wp\/v2\/types\/post"}],"author":[{"embeddable":true,"href":"http:\/\/www.perupesquero.org\/web\/wp-json\/wp\/v2\/users\/2"}],"replies":[{"embeddable":true,"href":"http:\/\/www.perupesquero.org\/web\/wp-json\/wp\/v2\/comments?post=5359"}],"version-history":[{"count":0,"href":"http:\/\/www.perupesquero.org\/web\/wp-json\/wp\/v2\/posts\/5359\/revisions"}],"wp:featuredmedia":[{"embeddable":true,"href":"http:\/\/www.perupesquero.org\/web\/wp-json\/wp\/v2\/media\/5360"}],"wp:attachment":[{"href":"http:\/\/www.perupesquero.org\/web\/wp-json\/wp\/v2\/media?parent=5359"}],"wp:term":[{"taxonomy":"category","embeddable":true,"href":"http:\/\/www.perupesquero.org\/web\/wp-json\/wp\/v2\/categories?post=5359"},{"taxonomy":"post_tag","embeddable":true,"href":"http:\/\/www.perupesquero.org\/web\/wp-json\/wp\/v2\/tags?post=5359"}],"curies":[{"name":"wp","href":"https:\/\/api.w.org\/{rel}","templated":true}]}}