{"id":5346,"date":"2015-08-08T21:11:30","date_gmt":"2015-08-09T02:11:30","guid":{"rendered":"http:\/\/www.perupesquero.org\/?p=5346"},"modified":"2015-08-08T21:11:30","modified_gmt":"2015-08-09T02:11:30","slug":"atuneros-extranjeros-que-pescan-atun-peruano-seguiran-descargando-30-de-sus-capturas-en-peru","status":"publish","type":"post","link":"http:\/\/www.perupesquero.org\/web\/atuneros-extranjeros-que-pescan-atun-peruano-seguiran-descargando-30-de-sus-capturas-en-peru\/","title":{"rendered":"Atuneros extranjeros que pescan At\u00fan peruano seguir\u00e1n descargando 30% de sus capturas en Per\u00fa"},"content":{"rendered":"<p style=\"text-align: justify;\">El Viceministro de Pesquer\u00eda Juan Carlos Requejo Alem\u00e1n sostuvo, que el At\u00fan cumple un rol importante en el sector pesquero peruano, por lo tanto, todas las plantas que est\u00e9n en la capacidad de recepcionar y producir este recurso, lo tendr\u00e1n a su disposici\u00f3n, agregando a su vez, que su administraci\u00f3n busca desarrollar la industria atunera.<\/p>\n<p>Requejo Alem\u00e1n en entrevista con PERUPESQUERO, manifest\u00f3 tajantemente que Per\u00fa seguir\u00e1 contando con el 30% de pesca de At\u00fan, que seg\u00fan Ley deben descargar los barcos atuneros extranjeros que extraen este recurso en Mar peruano. Estas declaraciones se desprenden, luego que este medio hiciera p\u00fablico una carta donde Luigi Benincasa Az\u00fasa, coordinador de la Asociaci\u00f3n de Asociaci\u00f3n de Atuneros de Ecuador, Atunec, calificara a la industria de consumo humano peruano de no tener la capacidad para procesar el 30% de At\u00fan, \u00a0que pesca la flota internacional en el Per\u00fa.<\/p>\n<p>Vale indicar, que el Viceministro de Pesquer\u00eda \u00a0respecto a los calificativos ofensivos vertidos por Benincasa Az\u00fasa contra la industria de consumo humano de Per\u00fa, indic\u00f3, que su despacho ha corrido traslado el documento (carta) a la autoridad ecuatoriana para la confirmaci\u00f3n del mismo y de ser as\u00ed, har\u00e1n p\u00fablico su disconformidad por la forma de como se ha expresado Benincasa Az\u00fasa coordinador de Atunec.<\/p>\n<p>&nbsp;<\/p>\n<p><strong>El desarrollo de toda la entrevista pronto en PERUPESQUERO impreso.<\/strong><\/p>\n<p>&nbsp;<\/p>\n","protected":false},"excerpt":{"rendered":"<p>El Viceministro de Pesquer\u00eda Juan Carlos Requejo Alem\u00e1n sostuvo, que el At\u00fan cumple un rol importante en el sector pesquero peruano, por lo tanto, todas las plantas que est\u00e9n en la capacidad de recepcionar y producir este recurso, lo tendr\u00e1n a su disposici\u00f3n, agregando a su vez, que su administraci\u00f3n busca desarrollar la industria atunera. [&hellip;]<\/p>\n","protected":false},"author":2,"featured_media":5347,"comment_status":"open","ping_status":"open","sticky":false,"template":"","format":"standard","meta":{"footnotes":""},"categories":[77,78,63,67,69,72],"tags":[1864],"class_list":["post-5346","post","type-post","status-publish","format-standard","has-post-thumbnail","hentry","category-internacionales","category-nacionales","category-noticias","category-pesqueria","category-politica","category-regionales","tag-viceministro-de-pesqueria-y-atun"],"_links":{"self":[{"href":"http:\/\/www.perupesquero.org\/web\/wp-json\/wp\/v2\/posts\/5346","targetHints":{"allow":["GET"]}}],"collection":[{"href":"http:\/\/www.perupesquero.org\/web\/wp-json\/wp\/v2\/posts"}],"about":[{"href":"http:\/\/www.perupesquero.org\/web\/wp-json\/wp\/v2\/types\/post"}],"author":[{"embeddable":true,"href":"http:\/\/www.perupesquero.org\/web\/wp-json\/wp\/v2\/users\/2"}],"replies":[{"embeddable":true,"href":"http:\/\/www.perupesquero.org\/web\/wp-json\/wp\/v2\/comments?post=5346"}],"version-history":[{"count":0,"href":"http:\/\/www.perupesquero.org\/web\/wp-json\/wp\/v2\/posts\/5346\/revisions"}],"wp:featuredmedia":[{"embeddable":true,"href":"http:\/\/www.perupesquero.org\/web\/wp-json\/wp\/v2\/media\/5347"}],"wp:attachment":[{"href":"http:\/\/www.perupesquero.org\/web\/wp-json\/wp\/v2\/media?parent=5346"}],"wp:term":[{"taxonomy":"category","embeddable":true,"href":"http:\/\/www.perupesquero.org\/web\/wp-json\/wp\/v2\/categories?post=5346"},{"taxonomy":"post_tag","embeddable":true,"href":"http:\/\/www.perupesquero.org\/web\/wp-json\/wp\/v2\/tags?post=5346"}],"curies":[{"name":"wp","href":"https:\/\/api.w.org\/{rel}","templated":true}]}}