{"id":5294,"date":"2015-07-29T20:12:01","date_gmt":"2015-07-30T01:12:01","guid":{"rendered":"http:\/\/www.perupesquero.org\/?p=5294"},"modified":"2015-07-29T20:12:01","modified_gmt":"2015-07-30T01:12:01","slug":"colombia-cioh-advierte-un-incremento-en-el-nivel-del-mar","status":"publish","type":"post","link":"http:\/\/www.perupesquero.org\/web\/colombia-cioh-advierte-un-incremento-en-el-nivel-del-mar\/","title":{"rendered":"COLOMBIA &#8211; CIOH advierte un incremento en el nivel del Mar"},"content":{"rendered":"<p style=\"text-align: justify;\">Las condiciones Oceanogr\u00e1fica e Hidrogr\u00e1ficas,cambiaron este mi\u00e9rcoles. Seg\u00fan el reporte del CIOH, sobre la zona costera de la Ciudad de Cartagena y sus alrededores se presenta una elevaci\u00f3n del nivel de marea moderada por encima del comportamiento tipico, observ\u00e1ndose alturas mayores a 0.24 cm.<\/p>\n<p style=\"text-align: justify;\">Este comportamiento obedece a condiciones normales generadas por la atracci\u00f3n gravitacional de la luna, la cual se encuentra en fase creciente con un 91% de visibilidad. Estas condiciones generan mayor afectaci\u00f3n sobre el \u00e1rea donde ejerce su jurisdicci\u00f3n la Capitan\u00eda de Puerto de Cartagena. Teniendo en cuenta lo anterior, se recomienda a la comunidad esta atenta a este comportamiento y tomar las medidas necesarias con el fin de evitar cualquier afectaci\u00f3n.<\/p>\n<p style=\"text-align: justify;\">No obstante, se aclara que no se debe observar este fen\u00f3meno como una amenaza inminente que pueda provocar la perdida de vidas humanas, sino como una condici\u00f3n de cuidado especialmente para las comunidades costeras que se encuentran aleda\u00f1as al Mar y que pueden verse afectadas materialmente en sus edificaciones por el ascenso del nivel Mar.<\/p>\n<p style=\"text-align: justify;\"><strong>Predicci\u00f3n de las condiciones oc\u00e9ano-atmosf\u00e9ricas<\/strong><\/p>\n<p style=\"text-align: justify;\">Se prev\u00e9 que este incremento en el nivel del Mar oscilatorio se presente hasta el 02 de agosto de 2015 en horas de la noche y durante la madrugada. A partir de este dia, se espera que el nivel de la marea disminuya gradualmente en relaci\u00f3n a sus pleamares en toda el \u00e1rea.<\/p>\n<p style=\"text-align: justify;\"><strong>FUENTE:<\/strong> Eluniversal.com.co<\/p>\n","protected":false},"excerpt":{"rendered":"<p>Las condiciones Oceanogr\u00e1fica e Hidrogr\u00e1ficas,cambiaron este mi\u00e9rcoles. Seg\u00fan el reporte del CIOH, sobre la zona costera de la Ciudad de Cartagena y sus alrededores se presenta una elevaci\u00f3n del nivel de marea moderada por encima del comportamiento tipico, observ\u00e1ndose alturas mayores a 0.24 cm. Este comportamiento obedece a condiciones normales generadas por la atracci\u00f3n gravitacional [&hellip;]<\/p>\n","protected":false},"author":2,"featured_media":5295,"comment_status":"open","ping_status":"open","sticky":false,"template":"","format":"standard","meta":{"footnotes":""},"categories":[63],"tags":[419,508,1103],"class_list":["post-5294","post","type-post","status-publish","format-standard","has-post-thumbnail","hentry","category-noticias","tag-cartagena","tag-colombia","tag-mar"],"_links":{"self":[{"href":"http:\/\/www.perupesquero.org\/web\/wp-json\/wp\/v2\/posts\/5294","targetHints":{"allow":["GET"]}}],"collection":[{"href":"http:\/\/www.perupesquero.org\/web\/wp-json\/wp\/v2\/posts"}],"about":[{"href":"http:\/\/www.perupesquero.org\/web\/wp-json\/wp\/v2\/types\/post"}],"author":[{"embeddable":true,"href":"http:\/\/www.perupesquero.org\/web\/wp-json\/wp\/v2\/users\/2"}],"replies":[{"embeddable":true,"href":"http:\/\/www.perupesquero.org\/web\/wp-json\/wp\/v2\/comments?post=5294"}],"version-history":[{"count":0,"href":"http:\/\/www.perupesquero.org\/web\/wp-json\/wp\/v2\/posts\/5294\/revisions"}],"wp:featuredmedia":[{"embeddable":true,"href":"http:\/\/www.perupesquero.org\/web\/wp-json\/wp\/v2\/media\/5295"}],"wp:attachment":[{"href":"http:\/\/www.perupesquero.org\/web\/wp-json\/wp\/v2\/media?parent=5294"}],"wp:term":[{"taxonomy":"category","embeddable":true,"href":"http:\/\/www.perupesquero.org\/web\/wp-json\/wp\/v2\/categories?post=5294"},{"taxonomy":"post_tag","embeddable":true,"href":"http:\/\/www.perupesquero.org\/web\/wp-json\/wp\/v2\/tags?post=5294"}],"curies":[{"name":"wp","href":"https:\/\/api.w.org\/{rel}","templated":true}]}}