{"id":5245,"date":"2015-07-22T19:01:58","date_gmt":"2015-07-23T00:01:58","guid":{"rendered":"http:\/\/www.perupesquero.org\/?p=5245"},"modified":"2015-07-22T19:01:58","modified_gmt":"2015-07-23T00:01:58","slug":"mexico-veda-hace-agua-al-sector-pesquero","status":"publish","type":"post","link":"http:\/\/www.perupesquero.org\/web\/mexico-veda-hace-agua-al-sector-pesquero\/","title":{"rendered":"MEXICO &#8211; Veda \u201chace agua\u201d al Sector pesquero"},"content":{"rendered":"<p style=\"text-align: justify;\">La veda natural est\u00e1 impactando fuertemente al sector pesquero de la Laguna Madre, con una ca\u00edda en la captura de especies en general, la que m\u00e1s afecta es la ausencia de Camar\u00f3n, revelaron directivos de cooperativas pesqueras.<\/p>\n<p style=\"text-align: justify;\">Esto se debe a las altas temperaturas de la can\u00edcula, que le siguen a la veda oficial, y que tiene un efecto igual o peor que la medida oficial.<br \/>\nSeg\u00fan explic\u00f3 Jaime Guerrero Pulido, Presidente de la cooperativa Pesquera \u201cCarbajal\u201d, el 70 por ciento de pescadores en la Laguna Madre se dedican a la captura camar\u00f3n, lo que provoca que la mayor\u00eda est\u00e9 casi inactiva o supeditada a la Pesca ocasional.<\/p>\n<p style=\"text-align: justify;\">Indic\u00f3 que desde mediados del mes de julio, la ca\u00edda en la producci\u00f3n de Camar\u00f3n ha sido muy notoria, y los vol\u00famenes capturados en los \u00faltimos d\u00edas hacen que sea casi incosteable para un pescador adentrarse a la laguna.<\/p>\n<p style=\"text-align: justify;\">Record\u00f3 que esta crisis se repite en mayor o menor proporci\u00f3n todos los a\u00f1os, dependiendo del impacto de la can\u00edcula, situaci\u00f3n que se est\u00e1 desarrollando en este per\u00edodo canicular.<\/p>\n<p style=\"text-align: justify;\">El l\u00edder pesquero dijo que desde antes de la veda, los pescadores ya anticipaban un per\u00edodo dif\u00edcil, debido a las altas temperaturas del verano, apenas atenuadas por algunos per\u00edodos de lluvia, aunque esto en poco contribuye a mejorar la captura.<\/p>\n<p style=\"text-align: justify;\"><strong>FUENTE:<\/strong> Laverdad.com.mx<\/p>\n","protected":false},"excerpt":{"rendered":"<p>La veda natural est\u00e1 impactando fuertemente al sector pesquero de la Laguna Madre, con una ca\u00edda en la captura de especies en general, la que m\u00e1s afecta es la ausencia de Camar\u00f3n, revelaron directivos de cooperativas pesqueras. Esto se debe a las altas temperaturas de la can\u00edcula, que le siguen a la veda oficial, y [&hellip;]<\/p>\n","protected":false},"author":2,"featured_media":5246,"comment_status":"open","ping_status":"open","sticky":false,"template":"","format":"standard","meta":{"footnotes":""},"categories":[77,63,67],"tags":[1148,1674,1846],"class_list":["post-5245","post","type-post","status-publish","format-standard","has-post-thumbnail","hentry","category-internacionales","category-noticias","category-pesqueria","tag-mexico","tag-sector-pesquero","tag-veda"],"_links":{"self":[{"href":"http:\/\/www.perupesquero.org\/web\/wp-json\/wp\/v2\/posts\/5245","targetHints":{"allow":["GET"]}}],"collection":[{"href":"http:\/\/www.perupesquero.org\/web\/wp-json\/wp\/v2\/posts"}],"about":[{"href":"http:\/\/www.perupesquero.org\/web\/wp-json\/wp\/v2\/types\/post"}],"author":[{"embeddable":true,"href":"http:\/\/www.perupesquero.org\/web\/wp-json\/wp\/v2\/users\/2"}],"replies":[{"embeddable":true,"href":"http:\/\/www.perupesquero.org\/web\/wp-json\/wp\/v2\/comments?post=5245"}],"version-history":[{"count":0,"href":"http:\/\/www.perupesquero.org\/web\/wp-json\/wp\/v2\/posts\/5245\/revisions"}],"wp:featuredmedia":[{"embeddable":true,"href":"http:\/\/www.perupesquero.org\/web\/wp-json\/wp\/v2\/media\/5246"}],"wp:attachment":[{"href":"http:\/\/www.perupesquero.org\/web\/wp-json\/wp\/v2\/media?parent=5245"}],"wp:term":[{"taxonomy":"category","embeddable":true,"href":"http:\/\/www.perupesquero.org\/web\/wp-json\/wp\/v2\/categories?post=5245"},{"taxonomy":"post_tag","embeddable":true,"href":"http:\/\/www.perupesquero.org\/web\/wp-json\/wp\/v2\/tags?post=5245"}],"curies":[{"name":"wp","href":"https:\/\/api.w.org\/{rel}","templated":true}]}}