{"id":4847,"date":"2015-06-01T18:47:21","date_gmt":"2015-06-01T23:47:21","guid":{"rendered":"http:\/\/www.perupesquero.org\/?p=4847"},"modified":"2015-06-01T18:47:21","modified_gmt":"2015-06-01T23:47:21","slug":"medidas-de-manejo-de-la-especie-centolla","status":"publish","type":"post","link":"http:\/\/www.perupesquero.org\/web\/medidas-de-manejo-de-la-especie-centolla\/","title":{"rendered":"Medidas de manejo de la especie Centolla"},"content":{"rendered":"<p>Hace poco se realiz\u00f3\u00a0un Taller de Crust\u00e1ceos Bent\u00f3nicos, en virtud de la decisi\u00f3n adoptada en el punto 3.1. del Acta CFP N\u00b0 16\/15, en el que se trataron las cuestiones planteadas en la reuni\u00f3n de la Subcomisi\u00f3n T\u00e9cnica de An\u00e1lisis y Seguimiento de las Pesquer\u00edas de Crust\u00e1ceos Bent\u00f3nicos.<\/p>\n<p>Se expuso sobre la situaci\u00f3n de la Centolla del sector patag\u00f3nico central, con una descripci\u00f3n de la pesquer\u00eda en el \u00c1rea II: an\u00e1lisis de las CPUE (comercial) por zona -norte y sur del 46\u00b0 S y las zonas de jurisdicci\u00f3n de Chubut y de Santa Cruz-, y sobre el potencial reproductivo y fecundidad de la especie, con la informaci\u00f3n obtenida en campa\u00f1as de investigaci\u00f3n. Se analiz\u00f3 la evoluci\u00f3n mensual de los desembarques, el valor medio mensual (octubre-junio), el n\u00famero de buques centolleros del per\u00edodo 2010-2015 (temporadas 2010\/11 a 2014\/15), la distribuci\u00f3n geogr\u00e1fica de los lances de la flota congeladora centollera y el acumulado de todas las temporadas de pesca entre 2011 y 2015.<\/p>\n<p>Al respecto el INIDEP manifest\u00f3 que realizar\u00e1 recomendaciones de medidas orientadas a preservar la biomasa de machos comerciales, a preservar la fecundidad de las hembras, y de algunas medidas adicionales a tener en cuenta para actualizar la Resoluci\u00f3n CFP N\u00b0 19\/08, en funci\u00f3n del conocimiento que se ha ido obteniendo en esta pesquer\u00eda. Todas ellas ser\u00e1n elevadas a consideraci\u00f3n del CFP en un Informe T\u00e9cnico que remitir\u00e1 el Instituto.<\/p>\n","protected":false},"excerpt":{"rendered":"<p>Hace poco se realiz\u00f3\u00a0un Taller de Crust\u00e1ceos Bent\u00f3nicos, en virtud de la decisi\u00f3n adoptada en el punto 3.1. del Acta CFP N\u00b0 16\/15, en el que se trataron las cuestiones planteadas en la reuni\u00f3n de la Subcomisi\u00f3n T\u00e9cnica de An\u00e1lisis y Seguimiento de las Pesquer\u00edas de Crust\u00e1ceos Bent\u00f3nicos. Se expuso sobre la situaci\u00f3n de la [&hellip;]<\/p>\n","protected":false},"author":2,"featured_media":4848,"comment_status":"open","ping_status":"open","sticky":false,"template":"","format":"standard","meta":{"footnotes":""},"categories":[77,78,63,67,69,72],"tags":[],"class_list":["post-4847","post","type-post","status-publish","format-standard","has-post-thumbnail","hentry","category-internacionales","category-nacionales","category-noticias","category-pesqueria","category-politica","category-regionales"],"_links":{"self":[{"href":"http:\/\/www.perupesquero.org\/web\/wp-json\/wp\/v2\/posts\/4847","targetHints":{"allow":["GET"]}}],"collection":[{"href":"http:\/\/www.perupesquero.org\/web\/wp-json\/wp\/v2\/posts"}],"about":[{"href":"http:\/\/www.perupesquero.org\/web\/wp-json\/wp\/v2\/types\/post"}],"author":[{"embeddable":true,"href":"http:\/\/www.perupesquero.org\/web\/wp-json\/wp\/v2\/users\/2"}],"replies":[{"embeddable":true,"href":"http:\/\/www.perupesquero.org\/web\/wp-json\/wp\/v2\/comments?post=4847"}],"version-history":[{"count":0,"href":"http:\/\/www.perupesquero.org\/web\/wp-json\/wp\/v2\/posts\/4847\/revisions"}],"wp:featuredmedia":[{"embeddable":true,"href":"http:\/\/www.perupesquero.org\/web\/wp-json\/wp\/v2\/media\/4848"}],"wp:attachment":[{"href":"http:\/\/www.perupesquero.org\/web\/wp-json\/wp\/v2\/media?parent=4847"}],"wp:term":[{"taxonomy":"category","embeddable":true,"href":"http:\/\/www.perupesquero.org\/web\/wp-json\/wp\/v2\/categories?post=4847"},{"taxonomy":"post_tag","embeddable":true,"href":"http:\/\/www.perupesquero.org\/web\/wp-json\/wp\/v2\/tags?post=4847"}],"curies":[{"name":"wp","href":"https:\/\/api.w.org\/{rel}","templated":true}]}}