{"id":4815,"date":"2015-05-31T20:43:59","date_gmt":"2015-06-01T01:43:59","guid":{"rendered":"http:\/\/www.perupesquero.org\/?p=4815"},"modified":"2015-05-31T20:43:59","modified_gmt":"2015-06-01T01:43:59","slug":"pescadores-anguileros-y-sakana-veran-negociacion-colectiva-para-mejoras-remunerativas","status":"publish","type":"post","link":"http:\/\/www.perupesquero.org\/web\/pescadores-anguileros-y-sakana-veran-negociacion-colectiva-para-mejoras-remunerativas\/","title":{"rendered":"Pescadores anguileros y Sakana ver\u00e1n negociaci\u00f3n colectiva para mejoras remunerativas"},"content":{"rendered":"<p style=\"text-align: justify;\">El Secretario General del Sindicato \u00danico de Motoristas y Oficiales de Maquina de Pesca del Per\u00fa, SUMOPP, Alcides Herrera Inga se mostr\u00f3 satisfecho por la repuesta, que la empres a pesquera Sakana emiti\u00f3. Esto sucedi\u00f3, luego que la organizaci\u00f3n sindical solicit\u00f3 la instalaci\u00f3n de una mesa de dialogo para dar inicio a la negociaci\u00f3n colectiva de las condiciones de trabajo, remunerativa y de seguridad abordo, de pescadores, motoristas y patrones dedicados a la pesca de Anguila.<\/p>\n<p style=\"text-align: justify;\">Como se recuerda, el 18 de mayo del a\u00f1o en curso, el gremio sindical Chimbote y la filial Paita, presentaron a la gerencia de la pesquera, la subsanaci\u00f3n del Proyecto de Convenci\u00f3n Colectiva, carta 096-2015- SUM0PP, la misma que tuvo contest\u00f3 Sakana despu\u00e9s de 48 horas, se\u00f1alando el jueves 4 de junio, como fecha para que la comisi\u00f3n negociadora sindical junto a la pesquera lleguen acuerdos que beneficien a los tripulantes anguileros.<\/p>\n<p style=\"text-align: justify;\">\n<strong>Datos:<\/strong><\/p>\n<p style=\"text-align: justify;\"><strong>Comisi\u00f3n Negociadora Sindical<\/strong><\/p>\n<p style=\"text-align: justify;\">&#8211; Herrera Inga Alcides<\/p>\n<p style=\"text-align: justify;\">&#8211; Silvia Pinto Gersom<br \/>\n&#8211; Cesar Ruiz Ramirez<br \/>\n&#8211; Juan de la Cruz Moran Morales<br \/>\n&#8211; Jorge Palacios Morales<br \/>\n&#8211; Francisco Lude\u00f1a Otero.<br \/>\n&#8211; Juan Lude\u00f1a Satan<\/p>\n<p>&nbsp;<\/p>\n<p>&nbsp;<\/p>\n<p>&nbsp;<\/p>\n","protected":false},"excerpt":{"rendered":"<p>El Secretario General del Sindicato \u00danico de Motoristas y Oficiales de Maquina de Pesca del Per\u00fa, SUMOPP, Alcides Herrera Inga se mostr\u00f3 satisfecho por la repuesta, que la empres a pesquera Sakana emiti\u00f3. Esto sucedi\u00f3, luego que la organizaci\u00f3n sindical solicit\u00f3 la instalaci\u00f3n de una mesa de dialogo para dar inicio a la negociaci\u00f3n colectiva [&hellip;]<\/p>\n","protected":false},"author":2,"featured_media":4816,"comment_status":"open","ping_status":"open","sticky":false,"template":"","format":"standard","meta":{"footnotes":""},"categories":[77,78,63,67,69,72],"tags":[],"class_list":["post-4815","post","type-post","status-publish","format-standard","has-post-thumbnail","hentry","category-internacionales","category-nacionales","category-noticias","category-pesqueria","category-politica","category-regionales"],"_links":{"self":[{"href":"http:\/\/www.perupesquero.org\/web\/wp-json\/wp\/v2\/posts\/4815","targetHints":{"allow":["GET"]}}],"collection":[{"href":"http:\/\/www.perupesquero.org\/web\/wp-json\/wp\/v2\/posts"}],"about":[{"href":"http:\/\/www.perupesquero.org\/web\/wp-json\/wp\/v2\/types\/post"}],"author":[{"embeddable":true,"href":"http:\/\/www.perupesquero.org\/web\/wp-json\/wp\/v2\/users\/2"}],"replies":[{"embeddable":true,"href":"http:\/\/www.perupesquero.org\/web\/wp-json\/wp\/v2\/comments?post=4815"}],"version-history":[{"count":0,"href":"http:\/\/www.perupesquero.org\/web\/wp-json\/wp\/v2\/posts\/4815\/revisions"}],"wp:featuredmedia":[{"embeddable":true,"href":"http:\/\/www.perupesquero.org\/web\/wp-json\/wp\/v2\/media\/4816"}],"wp:attachment":[{"href":"http:\/\/www.perupesquero.org\/web\/wp-json\/wp\/v2\/media?parent=4815"}],"wp:term":[{"taxonomy":"category","embeddable":true,"href":"http:\/\/www.perupesquero.org\/web\/wp-json\/wp\/v2\/categories?post=4815"},{"taxonomy":"post_tag","embeddable":true,"href":"http:\/\/www.perupesquero.org\/web\/wp-json\/wp\/v2\/tags?post=4815"}],"curies":[{"name":"wp","href":"https:\/\/api.w.org\/{rel}","templated":true}]}}