{"id":4796,"date":"2015-05-29T22:39:26","date_gmt":"2015-05-30T03:39:26","guid":{"rendered":"http:\/\/www.perupesquero.org\/?p=4796"},"modified":"2015-05-29T22:39:26","modified_gmt":"2015-05-30T03:39:26","slug":"piura-pescadores-artesanales-se-quejan-por-bajos-precios","status":"publish","type":"post","link":"http:\/\/www.perupesquero.org\/web\/piura-pescadores-artesanales-se-quejan-por-bajos-precios\/","title":{"rendered":"PIURA &#8211; Pescadores artesanales se quejan por bajos precios"},"content":{"rendered":"<p style=\"text-align: justify;\">Los pescadores artesanales de la Regi\u00f3n Piura dedicados a la pesca del Calamar gigante (Pota) manifestaron su preocupaci\u00f3n por los precios irrisorios que vienen pagando las empresas pesqueras por su producto, por lo que solicitaron a la Autoridad regional, Reynaldo Hilbck, lidere una mesa de trabajo con los empresarios.<\/p>\n<p style=\"text-align: justify;\">Al respecto, la Autoridad regional Reynaldo HIlbck se\u00f1al\u00f3 que buscar\u00e1 concertar una entrevista con el Viceministro de Pesquer\u00eda, Juan Requejo Alem\u00e1n, para abordar el tema de la formalizaci\u00f3n de la flota artesanal, adem\u00e1s de gestionar una reuni\u00f3n con los empresarios pesqueros.<\/p>\n<p style=\"text-align: justify;\">El Gobernador regional de Piura se reuni\u00f3 con representantes de las Asociaciones de Pescadores Artesanales de Paita, Lobitos, La Islilla, Chulliyache, El Toril y la Federaci\u00f3n de Pescadores Artesanales de la Regi\u00f3n Grau, quienes expusieron la problem\u00e1tica de su sector.<\/p>\n<p style=\"text-align: justify;\">En tanto, la Directora regional de la Producci\u00f3n, Indira Fabi\u00e1n Ferrer, se\u00f1al\u00f3 que para abordar la informalidad de la flota de los pescadores artesanales se ha elaborado una matriz de problemas, que se estar\u00eda desarrollando en una Mesa de Trabajo con el Ministerio de la Producci\u00f3n y otras autoridades competentes.<\/p>\n<p style=\"text-align: justify;\"><strong>FUENTE:<\/strong> Rpp.com.pe<\/p>\n","protected":false},"excerpt":{"rendered":"<p>Los pescadores artesanales de la Regi\u00f3n Piura dedicados a la pesca del Calamar gigante (Pota) manifestaron su preocupaci\u00f3n por los precios irrisorios que vienen pagando las empresas pesqueras por su producto, por lo que solicitaron a la Autoridad regional, Reynaldo Hilbck, lidere una mesa de trabajo con los empresarios. Al respecto, la Autoridad regional Reynaldo [&hellip;]<\/p>\n","protected":false},"author":2,"featured_media":4797,"comment_status":"open","ping_status":"open","sticky":false,"template":"","format":"standard","meta":{"footnotes":""},"categories":[78,63,67],"tags":[384,1481],"class_list":["post-4796","post","type-post","status-publish","format-standard","has-post-thumbnail","hentry","category-nacionales","category-noticias","category-pesqueria","tag-calamar-gigante","tag-pota"],"_links":{"self":[{"href":"http:\/\/www.perupesquero.org\/web\/wp-json\/wp\/v2\/posts\/4796","targetHints":{"allow":["GET"]}}],"collection":[{"href":"http:\/\/www.perupesquero.org\/web\/wp-json\/wp\/v2\/posts"}],"about":[{"href":"http:\/\/www.perupesquero.org\/web\/wp-json\/wp\/v2\/types\/post"}],"author":[{"embeddable":true,"href":"http:\/\/www.perupesquero.org\/web\/wp-json\/wp\/v2\/users\/2"}],"replies":[{"embeddable":true,"href":"http:\/\/www.perupesquero.org\/web\/wp-json\/wp\/v2\/comments?post=4796"}],"version-history":[{"count":0,"href":"http:\/\/www.perupesquero.org\/web\/wp-json\/wp\/v2\/posts\/4796\/revisions"}],"wp:featuredmedia":[{"embeddable":true,"href":"http:\/\/www.perupesquero.org\/web\/wp-json\/wp\/v2\/media\/4797"}],"wp:attachment":[{"href":"http:\/\/www.perupesquero.org\/web\/wp-json\/wp\/v2\/media?parent=4796"}],"wp:term":[{"taxonomy":"category","embeddable":true,"href":"http:\/\/www.perupesquero.org\/web\/wp-json\/wp\/v2\/categories?post=4796"},{"taxonomy":"post_tag","embeddable":true,"href":"http:\/\/www.perupesquero.org\/web\/wp-json\/wp\/v2\/tags?post=4796"}],"curies":[{"name":"wp","href":"https:\/\/api.w.org\/{rel}","templated":true}]}}