{"id":4619,"date":"2015-05-14T21:34:25","date_gmt":"2015-05-15T02:34:25","guid":{"rendered":"http:\/\/www.perupesquero.org\/?p=4619"},"modified":"2015-05-14T21:34:25","modified_gmt":"2015-05-15T02:34:25","slug":"peru-intervendra-en-el-conflicto-maritimo-si-se-pone-en-cuestion-el-vinculo-de-soberania-en-arica","status":"publish","type":"post","link":"http:\/\/www.perupesquero.org\/web\/peru-intervendra-en-el-conflicto-maritimo-si-se-pone-en-cuestion-el-vinculo-de-soberania-en-arica\/","title":{"rendered":"Per\u00fa intervendr\u00e1 en el conflicto mar\u00edtimo \u201csi se pone en cuesti\u00f3n el v\u00ednculo de soberan\u00eda en Arica\u201d"},"content":{"rendered":"<p style=\"text-align: justify;\">El Gobierno de Per\u00fa anunci\u00f3 esta semana que remitir\u00e1 a la Corte de Justicia Internacional de La Haya -CIJ- una \u201cprecisi\u00f3n\u201d acerca de los t\u00e9rminos usados por Chile durante su intervenci\u00f3n ante La Haya.<\/p>\n<p style=\"text-align: justify;\">La semana pasada, durante el turno de Chile para defender ante la CIJ la incompetencia del tribunal para acoger la demanda mar\u00edtima presentada por Bolivia en abril de 2013, la delegaci\u00f3n chilena present\u00f3 un mapa en el que se bautizaba al inicio de la frontera terrestre con Per\u00fa como Point 1. El diario peruano El Comercio advierte que esa denominaci\u00f3n difiere con lo que dispone el Tratado de 1929 firmado por ambos pa\u00edses, en el que se denomina a la frontera terrestre como Punto Concordia.<\/p>\n<p style=\"text-align: justify;\">Ante este equivoco, la canciller\u00eda peruana advirti\u00f3 que evaluar\u00e1 los t\u00e9rminos usados por Chile durante sus alegatos ante La Haya y que remitir\u00e1 a la Corte Internacional de Justicia de La Haya una \u201cprecisi\u00f3n\u201d al respecto.<\/p>\n<p style=\"text-align: justify;\">Ollanta Humala afirm\u00f3 que el juicio llevado a cabo en La Haya \u201ces un tema bilateral\u201d entre Chile y Bolivia, pero que Per\u00fa intervendr\u00e1 en el litigio \u201csi en alg\u00fan momento de este proceso se pone en cuesti\u00f3n el v\u00ednculo de soberan\u00eda en Arica\u201c, declar\u00f3 el mandatario tras ser preguntado por la informaci\u00f3n publicada en El Comercio.<\/p>\n<p style=\"text-align: justify;\">Recordemos que el Tratado de 1929 establece que Per\u00fa tiene que ser consultado por Chile si \u00e9ste intenta ceder soberan\u00eda a un tercer pa\u00eds en Arica, territorio que form\u00f3 parte del territorio peruano hasta la Guerra del Pac\u00edfico que libraron ambos pa\u00edses entre 1879 y 1884 durante la cual Bolivia perdi\u00f3 su salida soberana al mar.<\/p>\n<p style=\"text-align: justify;\">Entre tanto, el canciller Heraldo Mu\u00f1oz trata de normalizar la situaci\u00f3n. Este martes recibi\u00f3 en audiencia al Embajador de Per\u00fa en Chile, Fernando Rojas, quien retom\u00f3 sus funciones recientemente tras aclararse el supuesto caso de espionaje chileno. \u201cMe complace mucho poder decir que las relaciones entre Chile y Per\u00fa est\u00e1n en muy buen pie. Estamos muy satisfechos de haber superado un momento complejo en el pasado y estar retomando las relaciones de futuro\u201c, sostuvo el canciller.<\/p>\n<p style=\"text-align: justify;\"><strong>FUENTE:<\/strong> Elciudadano.cl<\/p>\n","protected":false},"excerpt":{"rendered":"<p>El Gobierno de Per\u00fa anunci\u00f3 esta semana que remitir\u00e1 a la Corte de Justicia Internacional de La Haya -CIJ- una \u201cprecisi\u00f3n\u201d acerca de los t\u00e9rminos usados por Chile durante su intervenci\u00f3n ante La Haya. La semana pasada, durante el turno de Chile para defender ante la CIJ la incompetencia del tribunal para acoger la demanda [&hellip;]<\/p>\n","protected":false},"author":2,"featured_media":4620,"comment_status":"open","ping_status":"open","sticky":false,"template":"","format":"standard","meta":{"footnotes":""},"categories":[77,78,63,67],"tags":[454,565],"class_list":["post-4619","post","type-post","status-publish","format-standard","has-post-thumbnail","hentry","category-internacionales","category-nacionales","category-noticias","category-pesqueria","tag-chile-peru","tag-corte-de-justicia-internacional-de-la-haya"],"_links":{"self":[{"href":"http:\/\/www.perupesquero.org\/web\/wp-json\/wp\/v2\/posts\/4619","targetHints":{"allow":["GET"]}}],"collection":[{"href":"http:\/\/www.perupesquero.org\/web\/wp-json\/wp\/v2\/posts"}],"about":[{"href":"http:\/\/www.perupesquero.org\/web\/wp-json\/wp\/v2\/types\/post"}],"author":[{"embeddable":true,"href":"http:\/\/www.perupesquero.org\/web\/wp-json\/wp\/v2\/users\/2"}],"replies":[{"embeddable":true,"href":"http:\/\/www.perupesquero.org\/web\/wp-json\/wp\/v2\/comments?post=4619"}],"version-history":[{"count":0,"href":"http:\/\/www.perupesquero.org\/web\/wp-json\/wp\/v2\/posts\/4619\/revisions"}],"wp:featuredmedia":[{"embeddable":true,"href":"http:\/\/www.perupesquero.org\/web\/wp-json\/wp\/v2\/media\/4620"}],"wp:attachment":[{"href":"http:\/\/www.perupesquero.org\/web\/wp-json\/wp\/v2\/media?parent=4619"}],"wp:term":[{"taxonomy":"category","embeddable":true,"href":"http:\/\/www.perupesquero.org\/web\/wp-json\/wp\/v2\/categories?post=4619"},{"taxonomy":"post_tag","embeddable":true,"href":"http:\/\/www.perupesquero.org\/web\/wp-json\/wp\/v2\/tags?post=4619"}],"curies":[{"name":"wp","href":"https:\/\/api.w.org\/{rel}","templated":true}]}}