{"id":4595,"date":"2015-05-12T22:45:22","date_gmt":"2015-05-13T03:45:22","guid":{"rendered":"http:\/\/www.perupesquero.org\/?p=4595"},"modified":"2015-05-12T22:45:22","modified_gmt":"2015-05-13T03:45:22","slug":"tacna-capitania-de-puerto-en-tacna-costaria-s-3-millones","status":"publish","type":"post","link":"http:\/\/www.perupesquero.org\/web\/tacna-capitania-de-puerto-en-tacna-costaria-s-3-millones\/","title":{"rendered":"TACNA &#8211; Capitan\u00eda de Puerto en Tacna costar\u00eda S\/. 3 millones"},"content":{"rendered":"<p style=\"text-align: justify;\">La construcci\u00f3n de una Capitan\u00eda de Puerto en Tacna demandar\u00eda una inversi\u00f3n de S\/. 3 millones y se proyecta que pueda funcionar en un plazo no mayor a dos a\u00f1os, sostuvo ayer el comandante general de la Marina de Guerra del Per\u00fa, Almirante Edmundo Deville.<\/p>\n<p style=\"text-align: justify;\">Esto tras suscribir un convenio con el Gobernador regional Omar Jim\u00e9nez para concretar la obra en litoral tacne\u00f1o, siendo las alternativas Santa Rosa o Los Palos.<\/p>\n<p style=\"text-align: justify;\"><strong>PROYECTO.<\/strong> Para su funcionamiento se requerir\u00e1 entre 50 a 70 efectivos de manera permanente, adem\u00e1s se asignar\u00e1n guardacostas, patrulleras de costa, camionetas y dem\u00e1s dotaci\u00f3n log\u00edstica.<\/p>\n<p style=\"text-align: justify;\">Asimismo, una patrullera de intercepci\u00f3n que adquirir\u00e1 la Marina durante los pr\u00f3ximos meses, estando los estudios a cargo de la instituci\u00f3n mar\u00edtima en base a una infraestructura modelo para las capitan\u00eda de puerto.<\/p>\n<p style=\"text-align: justify;\">El Almirante no descart\u00f3 que pueda implementarse una base de la Marina en el litoral fronterizo, pero dijo que depender\u00e1 del desarrollo del Puerto almirante Miguel Grau.<\/p>\n<p style=\"text-align: justify;\">Agreg\u00f3 que los puestos mar\u00edtimos en Tacna cuentan con radares y se hace un control a\u00e9reo en la frontera mar\u00edtima.<\/p>\n<p style=\"text-align: justify;\">El convenio marco que firmaron ambas autoridades tiene una duraci\u00f3n de cinco a\u00f1os.<\/p>\n<p style=\"text-align: justify;\">Recuerdo. Un cuadro con fotos de Tacna dio Jim\u00e9nez al almirante Deville para ser colocado en el BAP Tacna.<\/p>\n<p style=\"text-align: justify;\"><strong>FUENTE:<\/strong> Diariocorreo.pe<\/p>\n","protected":false},"excerpt":{"rendered":"<p>La construcci\u00f3n de una Capitan\u00eda de Puerto en Tacna demandar\u00eda una inversi\u00f3n de S\/. 3 millones y se proyecta que pueda funcionar en un plazo no mayor a dos a\u00f1os, sostuvo ayer el comandante general de la Marina de Guerra del Per\u00fa, Almirante Edmundo Deville. Esto tras suscribir un convenio con el Gobernador regional Omar [&hellip;]<\/p>\n","protected":false},"author":2,"featured_media":4596,"comment_status":"open","ping_status":"open","sticky":false,"template":"","format":"standard","meta":{"footnotes":""},"categories":[78,63,67],"tags":[411,1550],"class_list":["post-4595","post","type-post","status-publish","format-standard","has-post-thumbnail","hentry","category-nacionales","category-noticias","category-pesqueria","tag-capitania-de-puerto-en-tacna-costaria-s-3-millones","tag-puerto-almirante-miguel-grau"],"_links":{"self":[{"href":"http:\/\/www.perupesquero.org\/web\/wp-json\/wp\/v2\/posts\/4595","targetHints":{"allow":["GET"]}}],"collection":[{"href":"http:\/\/www.perupesquero.org\/web\/wp-json\/wp\/v2\/posts"}],"about":[{"href":"http:\/\/www.perupesquero.org\/web\/wp-json\/wp\/v2\/types\/post"}],"author":[{"embeddable":true,"href":"http:\/\/www.perupesquero.org\/web\/wp-json\/wp\/v2\/users\/2"}],"replies":[{"embeddable":true,"href":"http:\/\/www.perupesquero.org\/web\/wp-json\/wp\/v2\/comments?post=4595"}],"version-history":[{"count":0,"href":"http:\/\/www.perupesquero.org\/web\/wp-json\/wp\/v2\/posts\/4595\/revisions"}],"wp:featuredmedia":[{"embeddable":true,"href":"http:\/\/www.perupesquero.org\/web\/wp-json\/wp\/v2\/media\/4596"}],"wp:attachment":[{"href":"http:\/\/www.perupesquero.org\/web\/wp-json\/wp\/v2\/media?parent=4595"}],"wp:term":[{"taxonomy":"category","embeddable":true,"href":"http:\/\/www.perupesquero.org\/web\/wp-json\/wp\/v2\/categories?post=4595"},{"taxonomy":"post_tag","embeddable":true,"href":"http:\/\/www.perupesquero.org\/web\/wp-json\/wp\/v2\/tags?post=4595"}],"curies":[{"name":"wp","href":"https:\/\/api.w.org\/{rel}","templated":true}]}}