{"id":4505,"date":"2015-05-05T22:15:15","date_gmt":"2015-05-06T03:15:15","guid":{"rendered":"http:\/\/www.perupesquero.org\/?p=4505"},"modified":"2015-05-05T22:15:15","modified_gmt":"2015-05-06T03:15:15","slug":"condepp-reune-firmas-para-pedir-a-presidenta-bachelet-que-derogue-la-ley-de-pesca","status":"publish","type":"post","link":"http:\/\/www.perupesquero.org\/web\/condepp-reune-firmas-para-pedir-a-presidenta-bachelet-que-derogue-la-ley-de-pesca\/","title":{"rendered":"Condepp re\u00fane firmas para pedir a Presidenta Bachelet que derogue la Ley de Pesca"},"content":{"rendered":"<p style=\"text-align: justify;\">El Consejo Nacional de Defensa del Patrimonio Pesquero (Condepp) inici\u00f3 una campa\u00f1a nacional para reunir 300.000 firmas antes del 21 de mayo, con el objetivo de pedirle a la Presidenta de la Rep\u00fablica, Michelle Bachelet, que anule la Ley de Pesca.<\/p>\n<p style=\"text-align: justify;\">El Dirigente de la caleta Queule, Hern\u00e1n Machuca, coment\u00f3 a Radio B\u00edo-B\u00edo que la campa\u00f1a involucra a todos los sindicatos y federaciones que se agrupan en el Condepp y argument\u00f3 que la<em> \u201cley tuvo una tramitaci\u00f3n extra\u00f1a, donde algunos congresistas pudieron haber recibido presiones de grupos de inter\u00e9s\u201d.<\/em><\/p>\n<p style=\"text-align: justify;\">Machuca insisti\u00f3 en este procedimiento porque, a su juicio,<em> \u201csi hay una derogaci\u00f3n, el Estado debe indemnizar a las empresas pesqueras que puedan sentirse perjudicadas\u201d.<\/em><\/p>\n<p style=\"text-align: justify;\">Cabe recordar que el Gobierno le solicit\u00f3 a la Organizaci\u00f3n de las Naciones Unidas para la Alimentaci\u00f3n y la Agricultura (FAO, por sus siglas en ingl\u00e9s) que elabore un informe sobre la Ley de Pesca para resolver si es necesario introducirle modificaciones.<\/p>\n<p style=\"text-align: justify;\"><strong>FUENTE:<\/strong> Aqua.cl<\/p>\n","protected":false},"excerpt":{"rendered":"<p>El Consejo Nacional de Defensa del Patrimonio Pesquero (Condepp) inici\u00f3 una campa\u00f1a nacional para reunir 300.000 firmas antes del 21 de mayo, con el objetivo de pedirle a la Presidenta de la Rep\u00fablica, Michelle Bachelet, que anule la Ley de Pesca. El Dirigente de la caleta Queule, Hern\u00e1n Machuca, coment\u00f3 a Radio B\u00edo-B\u00edo que la [&hellip;]<\/p>\n","protected":false},"author":2,"featured_media":4506,"comment_status":"open","ping_status":"open","sticky":false,"template":"","format":"standard","meta":{"footnotes":""},"categories":[77,63,67],"tags":[525,796,1151],"class_list":["post-4505","post","type-post","status-publish","format-standard","has-post-thumbnail","hentry","category-internacionales","category-noticias","category-pesqueria","tag-condepp","tag-fao","tag-michelle-bachelet"],"_links":{"self":[{"href":"http:\/\/www.perupesquero.org\/web\/wp-json\/wp\/v2\/posts\/4505","targetHints":{"allow":["GET"]}}],"collection":[{"href":"http:\/\/www.perupesquero.org\/web\/wp-json\/wp\/v2\/posts"}],"about":[{"href":"http:\/\/www.perupesquero.org\/web\/wp-json\/wp\/v2\/types\/post"}],"author":[{"embeddable":true,"href":"http:\/\/www.perupesquero.org\/web\/wp-json\/wp\/v2\/users\/2"}],"replies":[{"embeddable":true,"href":"http:\/\/www.perupesquero.org\/web\/wp-json\/wp\/v2\/comments?post=4505"}],"version-history":[{"count":0,"href":"http:\/\/www.perupesquero.org\/web\/wp-json\/wp\/v2\/posts\/4505\/revisions"}],"wp:featuredmedia":[{"embeddable":true,"href":"http:\/\/www.perupesquero.org\/web\/wp-json\/wp\/v2\/media\/4506"}],"wp:attachment":[{"href":"http:\/\/www.perupesquero.org\/web\/wp-json\/wp\/v2\/media?parent=4505"}],"wp:term":[{"taxonomy":"category","embeddable":true,"href":"http:\/\/www.perupesquero.org\/web\/wp-json\/wp\/v2\/categories?post=4505"},{"taxonomy":"post_tag","embeddable":true,"href":"http:\/\/www.perupesquero.org\/web\/wp-json\/wp\/v2\/tags?post=4505"}],"curies":[{"name":"wp","href":"https:\/\/api.w.org\/{rel}","templated":true}]}}