{"id":4502,"date":"2015-05-05T22:07:37","date_gmt":"2015-05-06T03:07:37","guid":{"rendered":"http:\/\/www.perupesquero.org\/?p=4502"},"modified":"2015-05-05T22:07:37","modified_gmt":"2015-05-06T03:07:37","slug":"produce-cuota-pesquera-de-anchoveta-para-este-ano-se-alcanzaria-a-fines-de-mayo","status":"publish","type":"post","link":"http:\/\/www.perupesquero.org\/web\/produce-cuota-pesquera-de-anchoveta-para-este-ano-se-alcanzaria-a-fines-de-mayo\/","title":{"rendered":"PRODUCE: Cuota pesquera de Anchoveta para este a\u00f1o se alcanzar\u00eda a fines de mayo"},"content":{"rendered":"<p style=\"text-align: justify;\">La cuota pesquera para este a\u00f1o, establecida en 2.58 millones de toneladas de Anchoveta, se estar\u00eda alcanzando a fines de este mes, adelant\u00f3 hoy el Titular del Ministerio de la Producci\u00f3n (PRODUCE), Piero Ghezzi.<\/p>\n<p style=\"text-align: justify;\">Indic\u00f3 que su sector est\u00e1 aplicando una pol\u00edtica flexible y adaptativa, y que en esa l\u00ednea se anticip\u00f3 al Fen\u00f3menos de El Ni\u00f1o adelantando la temporada pesquera en cuatro semanas y que al final de abril ya se hab\u00eda capturado m\u00e1s de 50 por ciento de la cuota total.<\/p>\n<p style=\"text-align: justify;\"><em>\u201cEstamos esperando que, si bien se han producido oleajes y no hubo pesca, para finales de este mes o comienzos del pr\u00f3ximo capturar toda la cuota pesquera, inclusive si hubiera Fen\u00f3meno El Ni\u00f1o deber\u00edamos tener la cuota pesquera de 2.58 millones de toneladas de Anchoveta\u201d<\/em>, sostuvo.<\/p>\n<p style=\"text-align: justify;\">En ese sentido, refiri\u00f3 que la primera temporada de pesca tendr\u00eda un crecimiento de entre 30 a 40 por ciento respecto al mismo per\u00edodo del a\u00f1o pasado, gracias a esta pol\u00edtica<em> \u201cflexible y adaptativa\u201d.<\/em><\/p>\n<p style=\"text-align: justify;\"><em>\u201cEn el caso de la pesca la Anchoveta, esta representa el 80 por ciento de todo el sector y entonces es un crecimiento importante de este recurso, por lo que estamos asegur\u00e1ndonos mantener esta pol\u00edtica en lo que queda del a\u00f1o\u201d<\/em>, se\u00f1al\u00f3.<\/p>\n<p style=\"text-align: justify;\">Ghezzi manifest\u00f3 que las condiciones del Mar peruano<em> \u201cson muy cambiantes\u201d,<\/em> por lo que es necesario tener pol\u00edticas que se adecuen a esta realidad, pues<em> \u201clas pol\u00edticas r\u00edgidas no tienen sentido\u201d.<\/em><\/p>\n<p style=\"text-align: justify;\"><em>\u201cTambi\u00e9n estamos trabajando en el fortalecimiento de la sanidad pesquera que es un ente muy importante que nos permite el crecimiento de dos subsectores importantes como la acuicultura y el Consumo Humano Directo, que no han llegado a explotar todo lo que se puede\u201d<\/em>, asegur\u00f3.<\/p>\n<p style=\"text-align: justify;\"><strong>Crecimiento<\/strong><br \/>\nEn otro momento, sostuvo que la actividad econ\u00f3mica en el Per\u00fa a partir de marzo o abril, empezar\u00e1 un proceso de crecimiento en la medida que se va acelerando el sector primario.<\/p>\n<p style=\"text-align: justify;\"><em>\u201cEl Sector pesquero que casi no tuvo actividad el a\u00f1o pasado, ha venido teniendo un crecimiento bastante fuerte y tambi\u00e9n el minero, por lo que la actividad econ\u00f3mica posiblemente ya empieza a recuperarse de manera t\u00edmida\u201d<\/em>, dijo.<\/p>\n<p style=\"text-align: justify;\">Asimismo, explic\u00f3 que el tipo de cambio, que subi\u00f3 de 2.54 soles por d\u00f3lar hace un par de a\u00f1os a 3.14 soles en la actualidad, tambi\u00e9n es una variable que tiene efectos positivos sobre el sector transable (exportador).<\/p>\n<p style=\"text-align: justify;\"><strong>FUENTE:<\/strong> Andina.com.pe<\/p>\n","protected":false},"excerpt":{"rendered":"<p>La cuota pesquera para este a\u00f1o, establecida en 2.58 millones de toneladas de Anchoveta, se estar\u00eda alcanzando a fines de este mes, adelant\u00f3 hoy el Titular del Ministerio de la Producci\u00f3n (PRODUCE), Piero Ghezzi. Indic\u00f3 que su sector est\u00e1 aplicando una pol\u00edtica flexible y adaptativa, y que en esa l\u00ednea se anticip\u00f3 al Fen\u00f3menos de [&hellip;]<\/p>\n","protected":false},"author":2,"featured_media":4503,"comment_status":"open","ping_status":"open","sticky":false,"template":"","format":"standard","meta":{"footnotes":""},"categories":[78,63,67],"tags":[195,544,1352,1512],"class_list":["post-4502","post","type-post","status-publish","format-standard","has-post-thumbnail","hentry","category-nacionales","category-noticias","category-pesqueria","tag-anchoveta","tag-consumo-humano-directo","tag-pesca","tag-produce"],"_links":{"self":[{"href":"http:\/\/www.perupesquero.org\/web\/wp-json\/wp\/v2\/posts\/4502","targetHints":{"allow":["GET"]}}],"collection":[{"href":"http:\/\/www.perupesquero.org\/web\/wp-json\/wp\/v2\/posts"}],"about":[{"href":"http:\/\/www.perupesquero.org\/web\/wp-json\/wp\/v2\/types\/post"}],"author":[{"embeddable":true,"href":"http:\/\/www.perupesquero.org\/web\/wp-json\/wp\/v2\/users\/2"}],"replies":[{"embeddable":true,"href":"http:\/\/www.perupesquero.org\/web\/wp-json\/wp\/v2\/comments?post=4502"}],"version-history":[{"count":0,"href":"http:\/\/www.perupesquero.org\/web\/wp-json\/wp\/v2\/posts\/4502\/revisions"}],"wp:featuredmedia":[{"embeddable":true,"href":"http:\/\/www.perupesquero.org\/web\/wp-json\/wp\/v2\/media\/4503"}],"wp:attachment":[{"href":"http:\/\/www.perupesquero.org\/web\/wp-json\/wp\/v2\/media?parent=4502"}],"wp:term":[{"taxonomy":"category","embeddable":true,"href":"http:\/\/www.perupesquero.org\/web\/wp-json\/wp\/v2\/categories?post=4502"},{"taxonomy":"post_tag","embeddable":true,"href":"http:\/\/www.perupesquero.org\/web\/wp-json\/wp\/v2\/tags?post=4502"}],"curies":[{"name":"wp","href":"https:\/\/api.w.org\/{rel}","templated":true}]}}