{"id":4489,"date":"2015-05-04T20:35:16","date_gmt":"2015-05-05T01:35:16","guid":{"rendered":"http:\/\/www.perupesquero.org\/?p=4489"},"modified":"2015-05-04T20:35:16","modified_gmt":"2015-05-05T01:35:16","slug":"corte-de-la-haya-chile-acusa-a-bolivia-de-cuestionar-estabilidad-de-las-fronteras","status":"publish","type":"post","link":"http:\/\/www.perupesquero.org\/web\/corte-de-la-haya-chile-acusa-a-bolivia-de-cuestionar-estabilidad-de-las-fronteras\/","title":{"rendered":"Corte de La Haya: Chile acusa a Bolivia de &quot;cuestionar estabilidad de las fronteras&quot;"},"content":{"rendered":"<p style=\"text-align: justify;\">Bolivia <em>&#8220;cuestiona la estabilidad de las fronteras&#8221;<\/em> al exigir ante la Corte Internacional de Justicia (CIJ) de La Haya que se negocie una salida soberana al oc\u00e9ano Pac\u00edfico, perdida tras una guerra contra Chile a finales del siglo XIX, afirm\u00f3 el lunes el Representante chileno ante el tribunal.<\/p>\n<p style=\"text-align: justify;\"><em>&#8220;Bolivia cuestiona la estabilidad de las fronteras&#8221;<\/em>, declar\u00f3 Felipe Bulnes, Representante de Chile, en una audiencia en La Haya, sede de la CIJ, la m\u00e1s alta instancia judicial de Naciones Unidas.<\/p>\n<p style=\"text-align: justify;\">Esta \u00faltima organiza audiencias hasta el viernes a fin de determinar si tiene competencia para resolver el litigio entre ambos pa\u00edses, que carecen de relaciones diplom\u00e1ticas desde 1978.<\/p>\n<p style=\"text-align: justify;\">Chile considera que, en virtud de un tratado de 1948, la CIJ no puede pronunciarse sobre acuerdos firmados entre La Paz y Santiago antes de esa fecha, y cree que la disputa fronteriza deber\u00eda dirimirse, por tanto, en el marco de un convenio firmado en 1904.<\/p>\n<p style=\"text-align: justify;\"><em>&#8220;El tratado de 1904 reglamenta claramente el acceso de Bolivia al Pac\u00edfico y ese acceso no es soberano&#8221;<\/em>, afirm\u00f3 Bulnes. <em>&#8220;Lo que Bolivia busca es una renegociaci\u00f3n del tratado (de 1904)&#8221;.<\/em><\/p>\n<p style=\"text-align: justify;\">La Paz, por su parte, estima que el acuerdo de 1948 no se aplica en este caso, porque su demanda es &#8220;independiente&#8221; del convenio de 1904.<\/p>\n<p style=\"text-align: justify;\">Bolivia sostiene que perdi\u00f3 120,000 kil\u00f3metros cuadrados de territorio y 400 kil\u00f3metros de costa tras la guerra del Pac\u00edfico (1879-1883) contra Chile, viendo penalizada su econom\u00eda por no contar con salida al Mar.<\/p>\n<p style=\"text-align: justify;\">La Paz decidi\u00f3 presentar una querella ante la CIJ en abril del 2013.<\/p>\n<p style=\"text-align: justify;\">Bolivia quiere que el tribunal ordene a Chile <em>&#8220;renegociar de buena fe y de manera efectiva con Bolivia para llegar a un acuerdo que le asegure un acceso plenamente soberano al oc\u00e9ano Pac\u00edfico&#8221;.<\/em><\/p>\n<p style=\"text-align: justify;\">La decisi\u00f3n de la CIJ sobre si tiene o no competencia para juzgar este caso llegar\u00e1 en varias semanas.<\/p>\n<p style=\"text-align: justify;\"><strong>FUENTE:<\/strong> Andina.com.pe<\/p>\n","protected":false},"excerpt":{"rendered":"<p>Bolivia &#8220;cuestiona la estabilidad de las fronteras&#8221; al exigir ante la Corte Internacional de Justicia (CIJ) de La Haya que se negocie una salida soberana al oc\u00e9ano Pac\u00edfico, perdida tras una guerra contra Chile a finales del siglo XIX, afirm\u00f3 el lunes el Representante chileno ante el tribunal. &#8220;Bolivia cuestiona la estabilidad de las fronteras&#8221;, [&hellip;]<\/p>\n","protected":false},"author":2,"featured_media":4490,"comment_status":"open","ping_status":"open","sticky":false,"template":"","format":"standard","meta":{"footnotes":""},"categories":[77,63,67],"tags":[339,449,482,1294],"class_list":["post-4489","post","type-post","status-publish","format-standard","has-post-thumbnail","hentry","category-internacionales","category-noticias","category-pesqueria","tag-bolivia","tag-chile","tag-cij","tag-osceano-pacifico"],"_links":{"self":[{"href":"http:\/\/www.perupesquero.org\/web\/wp-json\/wp\/v2\/posts\/4489","targetHints":{"allow":["GET"]}}],"collection":[{"href":"http:\/\/www.perupesquero.org\/web\/wp-json\/wp\/v2\/posts"}],"about":[{"href":"http:\/\/www.perupesquero.org\/web\/wp-json\/wp\/v2\/types\/post"}],"author":[{"embeddable":true,"href":"http:\/\/www.perupesquero.org\/web\/wp-json\/wp\/v2\/users\/2"}],"replies":[{"embeddable":true,"href":"http:\/\/www.perupesquero.org\/web\/wp-json\/wp\/v2\/comments?post=4489"}],"version-history":[{"count":0,"href":"http:\/\/www.perupesquero.org\/web\/wp-json\/wp\/v2\/posts\/4489\/revisions"}],"wp:featuredmedia":[{"embeddable":true,"href":"http:\/\/www.perupesquero.org\/web\/wp-json\/wp\/v2\/media\/4490"}],"wp:attachment":[{"href":"http:\/\/www.perupesquero.org\/web\/wp-json\/wp\/v2\/media?parent=4489"}],"wp:term":[{"taxonomy":"category","embeddable":true,"href":"http:\/\/www.perupesquero.org\/web\/wp-json\/wp\/v2\/categories?post=4489"},{"taxonomy":"post_tag","embeddable":true,"href":"http:\/\/www.perupesquero.org\/web\/wp-json\/wp\/v2\/tags?post=4489"}],"curies":[{"name":"wp","href":"https:\/\/api.w.org\/{rel}","templated":true}]}}