{"id":4331,"date":"2015-04-20T12:55:20","date_gmt":"2015-04-20T17:55:20","guid":{"rendered":"http:\/\/www.perupesquero.org\/?p=4331"},"modified":"2015-04-20T12:55:20","modified_gmt":"2015-04-20T17:55:20","slug":"argentina-aconsejan-no-adelantar-la-pesca-del-langostino-en-aguas-nacionales","status":"publish","type":"post","link":"http:\/\/www.perupesquero.org\/web\/argentina-aconsejan-no-adelantar-la-pesca-del-langostino-en-aguas-nacionales\/","title":{"rendered":"ARGENTINA &#8211;  Aconsejan no adelantar la pesca del Langostino en aguas nacionales"},"content":{"rendered":"<p style=\"text-align: justify;\">Mediante una nota enviada al CFP, el Instituto Nacional de Desarrollo Pesquero, (INIDEP), desaconsej\u00f3 adelantar la temporada de pesca del Langostino en aguas nacionales dentro del \u00e1rea de veda de Merluza com\u00fan.<\/p>\n<p style=\"text-align: justify;\">La nota fue remitida en respuesta a la consulta que le fuera efectuada por la empresas marplantenses y que fuera tratado en el punto 6.1. del Acta CFP N\u00b0 11\/15,.<\/p>\n<p style=\"text-align: justify;\">Al respecto el Instituto manifiesta que teniendo en consideraci\u00f3n el ciclo biol\u00f3gico de Langostino y sus desplazamientos migratorios, as\u00ed como la conveniencia de que la Pesca se desarrolle sobre concentraciones comerciales constituidas por ejemplares de buen tama\u00f1o, no resultar\u00eda recomendable adelantar el inicio de la temporada en aguas nacionales de acuerdo con lo planteado en la consulta.<\/p>\n<p style=\"text-align: justify;\">Agrega que dicha consideraci\u00f3n, surge del mismo precepto que ha llevado a establecer el esquema de manejo actual del recurso, que permite que el Langostino aumente su tama\u00f1o y se desplace a aguas nacionales antes de comenzar su explotaci\u00f3n. Este esquema ha resultado exitoso en el manejo de la pesquer\u00eda, produci\u00e9ndose las mayores capturas hist\u00f3ricas de los \u00faltimos tres a\u00f1os.<\/p>\n<p style=\"text-align: justify;\">En virtud de ello sugiere mantener el esquema de apertura de la temporada de pesca de Langostino en aguas nacionales establecido en los \u00faltimos a\u00f1os.<\/p>\n<p style=\"text-align: justify;\"><strong>FUENTE:<\/strong> Marypescanoticiaspatagonicas.com<\/p>\n","protected":false},"excerpt":{"rendered":"<p>Mediante una nota enviada al CFP, el Instituto Nacional de Desarrollo Pesquero, (INIDEP), desaconsej\u00f3 adelantar la temporada de pesca del Langostino en aguas nacionales dentro del \u00e1rea de veda de Merluza com\u00fan. La nota fue remitida en respuesta a la consulta que le fuera efectuada por la empresas marplantenses y que fuera tratado en el [&hellip;]<\/p>\n","protected":false},"author":2,"featured_media":4332,"comment_status":"open","ping_status":"open","sticky":false,"template":"","format":"standard","meta":{"footnotes":""},"categories":[77,63,67],"tags":[442,935,1040],"class_list":["post-4331","post","type-post","status-publish","format-standard","has-post-thumbnail","hentry","category-internacionales","category-noticias","category-pesqueria","tag-cfp","tag-inidep","tag-langostino"],"_links":{"self":[{"href":"http:\/\/www.perupesquero.org\/web\/wp-json\/wp\/v2\/posts\/4331","targetHints":{"allow":["GET"]}}],"collection":[{"href":"http:\/\/www.perupesquero.org\/web\/wp-json\/wp\/v2\/posts"}],"about":[{"href":"http:\/\/www.perupesquero.org\/web\/wp-json\/wp\/v2\/types\/post"}],"author":[{"embeddable":true,"href":"http:\/\/www.perupesquero.org\/web\/wp-json\/wp\/v2\/users\/2"}],"replies":[{"embeddable":true,"href":"http:\/\/www.perupesquero.org\/web\/wp-json\/wp\/v2\/comments?post=4331"}],"version-history":[{"count":0,"href":"http:\/\/www.perupesquero.org\/web\/wp-json\/wp\/v2\/posts\/4331\/revisions"}],"wp:featuredmedia":[{"embeddable":true,"href":"http:\/\/www.perupesquero.org\/web\/wp-json\/wp\/v2\/media\/4332"}],"wp:attachment":[{"href":"http:\/\/www.perupesquero.org\/web\/wp-json\/wp\/v2\/media?parent=4331"}],"wp:term":[{"taxonomy":"category","embeddable":true,"href":"http:\/\/www.perupesquero.org\/web\/wp-json\/wp\/v2\/categories?post=4331"},{"taxonomy":"post_tag","embeddable":true,"href":"http:\/\/www.perupesquero.org\/web\/wp-json\/wp\/v2\/tags?post=4331"}],"curies":[{"name":"wp","href":"https:\/\/api.w.org\/{rel}","templated":true}]}}