{"id":4289,"date":"2015-04-16T11:36:43","date_gmt":"2015-04-16T16:36:43","guid":{"rendered":"http:\/\/www.perupesquero.org\/?p=4289"},"modified":"2015-04-16T11:36:43","modified_gmt":"2015-04-16T16:36:43","slug":"chile-inpesca-concluyo-que-talla-de-sardina-justifica-actual-veda","status":"publish","type":"post","link":"http:\/\/www.perupesquero.org\/web\/chile-inpesca-concluyo-que-talla-de-sardina-justifica-actual-veda\/","title":{"rendered":"CHILE &#8211; Inpesca concluy\u00f3 que talla de Sardina justifica actual veda"},"content":{"rendered":"<p style=\"text-align: justify;\">El Instituto de Investigaci\u00f3n Pesquera (Inpesca), cuya sede se encuentra en Talcahuano, concluy\u00f3 que tres cuartas partes de la Sardina capturada la semana pasada por los pescadores artesanales est\u00e1 por debajo de la talla m\u00ednima, justific\u00e1ndose la actual veda biol\u00f3gica.<\/p>\n<p style=\"text-align: justify;\">El Instituto, creado en 1989, monitorea de forma permanente las especies marinas de la Regi\u00f3n del Biob\u00edo, y sus datos m\u00e1s recientes coinciden con los de la autoridad pesquera para imponer una nueva veda biol\u00f3gica de Sardina y Anchoveta para la Pesca artesanal.<\/p>\n<p style=\"text-align: justify;\">De acuerdo con lo informado por Radio B\u00edo-B\u00edo, la entidad analiz\u00f3 los desembarques registrados hasta el 9 de abril reci\u00e9n pasado, observando que una gran cantidad de sardina est\u00e1 por debajo de los 8,5 cent\u00edmetros.<\/p>\n<p style=\"text-align: justify;\"><em>\u201cEn Talcahuano y San Vicente, el porcentaje es de 76,7 mientras que en Coronel, que incluye la flota de Lota, alcanza el 79,6%, m\u00e1s del doble de lo permitido, que es el 32%\u201d,<\/em> detall\u00f3 el Inpesca.<\/p>\n<p style=\"text-align: justify;\">Sergio N\u00fa\u00f1ez, Bi\u00f3logo marino y cient\u00edfico del Instituto, agreg\u00f3 que existe abundancia de Sardina,<em> \u201cpero con un crecimiento retrasado, lo que puede explicarse por factores ambientales\u201d.<\/em><\/p>\n<p style=\"text-align: justify;\">La talla m\u00ednima de 8,5 cent\u00edmetros se aplica desde este a\u00f1o y es objeto de permanente cr\u00edtica por los pescadores artesanales.<\/p>\n<p style=\"text-align: justify;\"><em>\u201cLa medida es susceptible de an\u00e1lisis\u201d,<\/em> expuso por su lado Marcos Arteaga, otro cient\u00edfico del Inpesca.<\/p>\n<p style=\"text-align: justify;\">De tomas maneras, reiter\u00f3 la<em> \u201cabsoluta necesidad de resguardo de la especie en su talla peque\u00f1a, para permitir el desove y con ello la sustentabilidad\u201d.<\/em><\/p>\n<p style=\"text-align: justify;\"><strong>FUENTE:<\/strong> Aqua.cl<\/p>\n","protected":false},"excerpt":{"rendered":"<p>El Instituto de Investigaci\u00f3n Pesquera (Inpesca), cuya sede se encuentra en Talcahuano, concluy\u00f3 que tres cuartas partes de la Sardina capturada la semana pasada por los pescadores artesanales est\u00e1 por debajo de la talla m\u00ednima, justific\u00e1ndose la actual veda biol\u00f3gica. El Instituto, creado en 1989, monitorea de forma permanente las especies marinas de la Regi\u00f3n [&hellip;]<\/p>\n","protected":false},"author":2,"featured_media":4291,"comment_status":"open","ping_status":"open","sticky":false,"template":"","format":"standard","meta":{"footnotes":""},"categories":[77,63,67],"tags":[938,1512,1529,1654],"class_list":["post-4289","post","type-post","status-publish","format-standard","has-post-thumbnail","hentry","category-internacionales","category-noticias","category-pesqueria","tag-inpesca","tag-produce","tag-produce-anchoveta-en-10-anos-decaera-y-reaparecera-sardina","tag-sardina"],"_links":{"self":[{"href":"http:\/\/www.perupesquero.org\/web\/wp-json\/wp\/v2\/posts\/4289","targetHints":{"allow":["GET"]}}],"collection":[{"href":"http:\/\/www.perupesquero.org\/web\/wp-json\/wp\/v2\/posts"}],"about":[{"href":"http:\/\/www.perupesquero.org\/web\/wp-json\/wp\/v2\/types\/post"}],"author":[{"embeddable":true,"href":"http:\/\/www.perupesquero.org\/web\/wp-json\/wp\/v2\/users\/2"}],"replies":[{"embeddable":true,"href":"http:\/\/www.perupesquero.org\/web\/wp-json\/wp\/v2\/comments?post=4289"}],"version-history":[{"count":0,"href":"http:\/\/www.perupesquero.org\/web\/wp-json\/wp\/v2\/posts\/4289\/revisions"}],"wp:featuredmedia":[{"embeddable":true,"href":"http:\/\/www.perupesquero.org\/web\/wp-json\/wp\/v2\/media\/4291"}],"wp:attachment":[{"href":"http:\/\/www.perupesquero.org\/web\/wp-json\/wp\/v2\/media?parent=4289"}],"wp:term":[{"taxonomy":"category","embeddable":true,"href":"http:\/\/www.perupesquero.org\/web\/wp-json\/wp\/v2\/categories?post=4289"},{"taxonomy":"post_tag","embeddable":true,"href":"http:\/\/www.perupesquero.org\/web\/wp-json\/wp\/v2\/tags?post=4289"}],"curies":[{"name":"wp","href":"https:\/\/api.w.org\/{rel}","templated":true}]}}