{"id":4227,"date":"2015-04-10T12:41:38","date_gmt":"2015-04-10T17:41:38","guid":{"rendered":"http:\/\/www.perupesquero.org\/?p=4227"},"modified":"2015-04-10T12:41:38","modified_gmt":"2015-04-10T17:41:38","slug":"dragado-de-puerto-de-salaverry-demandaria-mas-de-s-200-mllns-de-inversion","status":"publish","type":"post","link":"http:\/\/www.perupesquero.org\/web\/dragado-de-puerto-de-salaverry-demandaria-mas-de-s-200-mllns-de-inversion\/","title":{"rendered":"Dragado de Puerto de Salaverry demandar\u00eda m\u00e1s de S\/. 200 mllns. de inversi\u00f3n"},"content":{"rendered":"<p style=\"text-align: justify;\">El dragado de los m\u00e1s de un mill\u00f3n 160,000 metros c\u00fabicos de arena que se encuentra depositada en el Puerto de Salaverry demandar\u00e1 una inversi\u00f3n de unos 200 millones de nuevos soles, estim\u00f3 el Presidente regional de La Libertad, C\u00e9sar Acu\u00f1a Peralta.<\/p>\n<p style=\"text-align: justify;\">En declaraciones a la Agencia Andina, Acu\u00f1a que se trata de una gran inversi\u00f3n que supera al presupuesto que pueda manejar el Gobierno Regional de La Libertad, y que por eso es una tarea que le compete ejecutar al Ministerio de Transportes y Comunicaciones (MTC).<\/p>\n<p style=\"text-align: justify;\">Al respecto, la autoridad regional revel\u00f3 que el 27 de julio del 2011 el gobierno central transfiri\u00f3 a la Regi\u00f3n La Libertad 98 millones de nuevos soles para el tema de las obras costeras.<\/p>\n<p style=\"text-align: justify;\"><em>&#8220;Pero de esos 98 millones solo invirtieron 20 millones de nuevos soles para el enrocado. Y los 70 millones restantes lo devolvieron al MTC. O sea que si hay presupuesto&#8221;,<\/em> anot\u00f3.<\/p>\n<p style=\"text-align: justify;\">Explic\u00f3 que el MTC va a alquilar una draga para iniciar los trabajos de desarenado del Puerto.<\/p>\n<p style=\"text-align: justify;\">Indic\u00f3 que corresponde al MTC iniciar el proceso de licitaci\u00f3n para la contrataci\u00f3n de la empresa que realizar\u00e1 este trabajo.<\/p>\n<p style=\"text-align: justify;\">Insisti\u00f3 en la necesidad de recuperar el Puerto de Salaverry para que vuelva a ser el punto de entrada y salida del gran movimiento naviero que ostentaba en el pasado.<\/p>\n<p style=\"text-align: justify;\">En otro momento, Acu\u00f1a se\u00f1al\u00f3 que ha designado a un representante del Gobierno Regional de La Libertad para que elabore una estrategia de prevenci\u00f3n ante la eventual llegada del fen\u00f3meno de El Ni\u00f1o a esta Regi\u00f3n.<\/p>\n<p style=\"text-align: justify;\"><strong>FUENTE:<\/strong> Andina.com.pe<\/p>\n","protected":false},"excerpt":{"rendered":"<p>El dragado de los m\u00e1s de un mill\u00f3n 160,000 metros c\u00fabicos de arena que se encuentra depositada en el Puerto de Salaverry demandar\u00e1 una inversi\u00f3n de unos 200 millones de nuevos soles, estim\u00f3 el Presidente regional de La Libertad, C\u00e9sar Acu\u00f1a Peralta. En declaraciones a la Agencia Andina, Acu\u00f1a que se trata de una gran [&hellip;]<\/p>\n","protected":false},"author":2,"featured_media":4228,"comment_status":"open","ping_status":"open","sticky":false,"template":"","format":"standard","meta":{"footnotes":""},"categories":[78,63,67],"tags":[707,800,1190],"class_list":["post-4227","post","type-post","status-publish","format-standard","has-post-thumbnail","hentry","category-nacionales","category-noticias","category-pesqueria","tag-el-puerto-de-salaverry","tag-fenomeno-de-el-nino","tag-mtc"],"_links":{"self":[{"href":"http:\/\/www.perupesquero.org\/web\/wp-json\/wp\/v2\/posts\/4227","targetHints":{"allow":["GET"]}}],"collection":[{"href":"http:\/\/www.perupesquero.org\/web\/wp-json\/wp\/v2\/posts"}],"about":[{"href":"http:\/\/www.perupesquero.org\/web\/wp-json\/wp\/v2\/types\/post"}],"author":[{"embeddable":true,"href":"http:\/\/www.perupesquero.org\/web\/wp-json\/wp\/v2\/users\/2"}],"replies":[{"embeddable":true,"href":"http:\/\/www.perupesquero.org\/web\/wp-json\/wp\/v2\/comments?post=4227"}],"version-history":[{"count":0,"href":"http:\/\/www.perupesquero.org\/web\/wp-json\/wp\/v2\/posts\/4227\/revisions"}],"wp:featuredmedia":[{"embeddable":true,"href":"http:\/\/www.perupesquero.org\/web\/wp-json\/wp\/v2\/media\/4228"}],"wp:attachment":[{"href":"http:\/\/www.perupesquero.org\/web\/wp-json\/wp\/v2\/media?parent=4227"}],"wp:term":[{"taxonomy":"category","embeddable":true,"href":"http:\/\/www.perupesquero.org\/web\/wp-json\/wp\/v2\/categories?post=4227"},{"taxonomy":"post_tag","embeddable":true,"href":"http:\/\/www.perupesquero.org\/web\/wp-json\/wp\/v2\/tags?post=4227"}],"curies":[{"name":"wp","href":"https:\/\/api.w.org\/{rel}","templated":true}]}}