{"id":4167,"date":"2015-04-06T13:22:07","date_gmt":"2015-04-06T18:22:07","guid":{"rendered":"http:\/\/www.perupesquero.org\/?p=4167"},"modified":"2015-04-06T13:22:07","modified_gmt":"2015-04-06T18:22:07","slug":"mef-economia-peruana-crecera-en-torno-a-4-a-pesar-de-el-nino","status":"publish","type":"post","link":"http:\/\/www.perupesquero.org\/web\/mef-economia-peruana-crecera-en-torno-a-4-a-pesar-de-el-nino\/","title":{"rendered":"MEF: Econom\u00eda peruana crecer\u00e1 en torno a 4 %, a pesar de El Ni\u00f1o"},"content":{"rendered":"<p style=\"text-align: justify;\">El Ministro de Econom\u00eda de Per\u00fa, Alonso Segura, declar\u00f3 que la econom\u00eda peruana crecer\u00e1 en torno del 4 % en 2015, a pesar del fen\u00f3meno clim\u00e1tico de El Ni\u00f1o que puede afectar la Pesca y otros sectores, en una entrevista publicada hoy en Lima.<\/p>\n<p style=\"text-align: justify;\"><em>&#8220;La proyecci\u00f3n del Ministerio de Econom\u00eda es 4,2 %, creemos que con un ligero sesgo a la baja, estaremos alrededor del 4 %&#8221;<\/em>, manifest\u00f3 Segura al diario El Comercio.<\/p>\n<p style=\"text-align: justify;\">El Titular de Econom\u00eda se\u00f1al\u00f3 que <em>&#8220;a fines del a\u00f1o pasado, el choque externo se exacerb\u00f3, se profundiz\u00f3 y eso hizo que la recuperaci\u00f3n que estaba en progreso se aplanara un poco&#8221;.<\/em><\/p>\n<p style=\"text-align: justify;\">Segura anot\u00f3 que &#8220;<em>eso afecta a la Regi\u00f3n y al Per\u00fa, por eso la revisi\u00f3n hacia abajo. Pero de nuevo, este a\u00f1o va a ser mejor que el a\u00f1o pasado&#8221;.<\/em><\/p>\n<p style=\"text-align: justify;\">El Ministro peruano precis\u00f3 que la presencia de un fen\u00f3meno de El Ni\u00f1o, a partir de mayo pr\u00f3ximo, entre leve y moderado, <em>&#8220;podr\u00eda afectar medio punto del producto interno bruto (PIB)&#8221;.<\/em><\/p>\n<p style=\"text-align: justify;\">El fen\u00f3meno de El Ni\u00f1o, que suele llegar en diciembre, se presenta como intensas lluvias en el norte y sequ\u00edas en el sur del pa\u00eds, a consecuencia de una corriente de agua c\u00e1lida en el oc\u00e9ano Pac\u00edfico.<\/p>\n<p style=\"text-align: justify;\">Segura detall\u00f3 que ya est\u00e1 empezando la primera temporada de Pesca en el pa\u00eds <em>&#8220;y los niveles de biomasa son los m\u00e1s altos que ha habido en los \u00faltimos 10 a\u00f1os&#8221;.<\/em><\/p>\n<p style=\"text-align: justify;\"><em>&#8220;A\u00fan con El Ni\u00f1o, el sector pesquero puede crecer 30 % y eso implica una contribuci\u00f3n de hasta medio punto al PIB el 2015&#8221;,<\/em> afirm\u00f3.<\/p>\n<p style=\"text-align: justify;\">El Titular de Econom\u00eda inform\u00f3 que el d\u00e9ficit fiscal va a estar en torno al 2 % del PIB en este a\u00f1o y que la trayectoria que est\u00e1 planteando al Congreso en 2016 es 1,7 %, lo que representar\u00e1 un ajuste fiscal moderado en ese a\u00f1o de elecciones generales.<\/p>\n<p style=\"text-align: justify;\">El ministerio peruano estima que en 2016 y 2017 la econom\u00eda local crecer\u00e1 un 5,5 % en promedio.<\/p>\n<p style=\"text-align: justify;\"><strong>FUENTE:<\/strong> Diariocorreo.pe<\/p>\n","protected":false},"excerpt":{"rendered":"<p>El Ministro de Econom\u00eda de Per\u00fa, Alonso Segura, declar\u00f3 que la econom\u00eda peruana crecer\u00e1 en torno del 4 % en 2015, a pesar del fen\u00f3meno clim\u00e1tico de El Ni\u00f1o que puede afectar la Pesca y otros sectores, en una entrevista publicada hoy en Lima. &#8220;La proyecci\u00f3n del Ministerio de Econom\u00eda es 4,2 %, creemos que [&hellip;]<\/p>\n","protected":false},"author":2,"featured_media":4168,"comment_status":"open","ping_status":"open","sticky":false,"template":"","format":"standard","meta":{"footnotes":""},"categories":[78,63,67],"tags":[800,1249,1327],"class_list":["post-4167","post","type-post","status-publish","format-standard","has-post-thumbnail","hentry","category-nacionales","category-noticias","category-pesqueria","tag-fenomeno-de-el-nino","tag-oceano-pacifico","tag-pbi"],"_links":{"self":[{"href":"http:\/\/www.perupesquero.org\/web\/wp-json\/wp\/v2\/posts\/4167","targetHints":{"allow":["GET"]}}],"collection":[{"href":"http:\/\/www.perupesquero.org\/web\/wp-json\/wp\/v2\/posts"}],"about":[{"href":"http:\/\/www.perupesquero.org\/web\/wp-json\/wp\/v2\/types\/post"}],"author":[{"embeddable":true,"href":"http:\/\/www.perupesquero.org\/web\/wp-json\/wp\/v2\/users\/2"}],"replies":[{"embeddable":true,"href":"http:\/\/www.perupesquero.org\/web\/wp-json\/wp\/v2\/comments?post=4167"}],"version-history":[{"count":0,"href":"http:\/\/www.perupesquero.org\/web\/wp-json\/wp\/v2\/posts\/4167\/revisions"}],"wp:featuredmedia":[{"embeddable":true,"href":"http:\/\/www.perupesquero.org\/web\/wp-json\/wp\/v2\/media\/4168"}],"wp:attachment":[{"href":"http:\/\/www.perupesquero.org\/web\/wp-json\/wp\/v2\/media?parent=4167"}],"wp:term":[{"taxonomy":"category","embeddable":true,"href":"http:\/\/www.perupesquero.org\/web\/wp-json\/wp\/v2\/categories?post=4167"},{"taxonomy":"post_tag","embeddable":true,"href":"http:\/\/www.perupesquero.org\/web\/wp-json\/wp\/v2\/tags?post=4167"}],"curies":[{"name":"wp","href":"https:\/\/api.w.org\/{rel}","templated":true}]}}