{"id":4151,"date":"2015-04-03T18:29:03","date_gmt":"2015-04-03T23:29:03","guid":{"rendered":"http:\/\/www.perupesquero.org\/?p=4151"},"modified":"2015-04-03T18:29:03","modified_gmt":"2015-04-03T23:29:03","slug":"de-ripley-presidente-de-imarpe-dice-que-aun-no-llega-el-nino","status":"publish","type":"post","link":"http:\/\/www.perupesquero.org\/web\/de-ripley-presidente-de-imarpe-dice-que-aun-no-llega-el-nino\/","title":{"rendered":"De Ripley!. Presidente de IMARPE dice que a\u00fan no llega El Ni\u00f1o"},"content":{"rendered":"<p>Hasta ahora no entendemos.\u00a0\u00bfPor qu\u00e9? en pleno siglo XXI y conociendo que todo el Oc\u00e9ano Pacifico Central est\u00e1 monitoreado hasta los 500 o 750 metros de profundidad, las autoridades peruanas intenten cambiar la verdad por una mentira. Primero, sosten\u00edan que llegar\u00eda en mayo un Ni\u00f1o d\u00e9bil, ahora aseguran que ser\u00e1 moderado, ello a pesar que todo el Per\u00fa viene siendo golpeado por un Ni\u00f1o, cuyas travesuras est\u00e1n causando p\u00e9rdidas humanas y materiales.<\/p>\n<p>En ese contexto, en una rueda de prensa aparece\u00a0el Contralmirante \u00ae Germ\u00e1n V\u00e1squez Sol\u00eds,\u00a0Presidente\u00a0del Instituto del Mar del Per\u00fa,<strong>\u00a0<\/strong>y Presidente del Estudio Nacional del Fen\u00f3meno El Ni\u00f1o, ENFEN, quien haciendo gala de su ignorancia y desconocimiento, comenta lo siguiente:<\/p>\n<p>&#8220;<strong><em>Lo que encontramos en el Pacifico por estos d\u00edas, hemos cambiado un poco el pron\u00f3stico de hace 15 d\u00edas que El Ni\u00f1o iba a ser d\u00e9bil y hoy decimos que ser\u00e1 de d\u00e9bil a moderado. \u00a0Se encuentra que en el Pacifico Ecuatorial existen condiciones de mayores temperaturas que las que ten\u00edamos hace tres semanas; esto nos lleva a pensar que podr\u00eda desarrollarse un evento de El Ni\u00f1o porque existe mayor probabilidad de acoplamiento entre el oc\u00e9ano y atm\u00f3sfera. La duraci\u00f3n es dif\u00edcil de pronosticar tenemos una, solamente una onda importante que est\u00e1 llegando en el mes de mayo, no se ve la generaci\u00f3n de otra onda\u2026. Cuando hablamos de El Ni\u00f1o, siempre hay que hablar de su intensidad pero tambi\u00e9n hay que hablar en que \u00e9poca del a\u00f1o se produce, en ese caso estamos hablando de un Ni\u00f1o, que se estar\u00eda iniciando en oto\u00f1o, esperamos que tengamos entre un 1 grado y \u00a01 grado y medio, por encima de la temperatura usual por el momento, entonces no es una \u00e9poca de lluvias por lo tanto no se espera lluvias, El Ni\u00f1o no tiene relaci\u00f3n con los lluvias en la sierra, las lluvias que se producen en la zona alta de la sierra no guardan relaci\u00f3n con el evento de El Ni\u00f1o entonces a\u00fan se produce en el verano, est\u00e1 m\u00e1s relacionado con las lluvias en la zona norte y la zona costera\u201d.<\/em><\/strong><\/p>\n<p>Luego hace lo suyo, la Ing. Amelia D\u00edaz del SENAMHI, quien disimuladamente desmiente las barbaridades expresadas por el marino en retiro, quien no es h\u00e1bil orador de temas cient\u00edficos.<\/p>\n<p>Pero vamos a desasnar al Presidente del Imarpe y ENFEN. \u00a0Es inaceptable que ambas personas est\u00e9n tan equivocadas, sobre todo V\u00e1squez Sol\u00eds que temerariamente afirm\u00f3 que las lluvias en la sierra alta no las produce El Ni\u00f1o, negando que la fuerte evaporaci\u00f3n del agua c\u00e1lida del Mar hayan producido las lluvias. Entonces cabr\u00eda preguntar a este marino \u00bfSi no las produzco El Ni\u00f1o, quien lo hizo?.<\/p>\n<p>Igualmente, hay que aclararle que las lluvias de Piura en el mes de marzo, s\u00f3lo han sido un 10%, menos a las ocurridas en marzo de 1998, porque en marzo\u00a0\u00a0de 1982 y 1997 no hubo lluvias.<\/p>\n<p>El Presidente del ENFEN, debe asesorarse mejor y no hacer el rid\u00edculo con tanto desconocimiento sobre el tema y si no lo sabe, El Ni\u00f1o es un evento que ocurre en todo el Pacifico Ecuatorial, se inicio en el 2014, desde marzo al otro lado del Pacifico y sus primeros efectos se sintieron frente a Per\u00fa desde mediados de abril. Aunque, toda la energ\u00eda debido a las altas temperaturas del Oc\u00e9ano, no se liberaron totalmente entre abril y junio del mismo a\u00f1o, porque la piscina de agua caliente continuo en altamar y es por donde actualmente viene el tren de Ondas Kelvin y no una Onda Kelvin como asegura V\u00e1squez \u00a0Sol\u00eds, mismas que est\u00e1n apunto de ingresar y no en mayo como indica el ENFEN. \u00bfEntendi\u00f3 marino en retiro?<\/p>\n<p>Ahora, las Ondas Kelvin registradas en el corrent\u00f3metro ubicado cerca de Gal\u00e1pagos indican que las corrientes en marzo del 2015, tienen velocidades m\u00e1ximas promedio (145 cms\/s), mayores a las observadas en marzo de 1997 (125 cm\/s). El promedio normal para marzo es de 89 cm\/s.<\/p>\n<p>No hay duda, que las imprecisiones vertidas por Presidente del ENFEN, guarda responsabilidad para que el gobierno no haya adoptado medidas de mitigaci\u00f3n o defensa en muchas ciudades del Per\u00fa, donde est\u00e1n ocurriendo numerosos huaycos y desbordes de r\u00edos, siendo actualmente una de las regiones m\u00e1s afectadas Tumbes, que presenta la amenaza de perder 8 mil hect\u00e1reas de cultivos y donde generalmente El Ni\u00f1o golpea fuertemente. \u00bfAcaso, el marino V\u00e1squez Sol\u00eds, dir\u00e1 que no tiene que ver El Ni\u00f1o terrible con lo sucedi\u00f3 en Tumbes?.<\/p>\n<p>Desgraciadamente, el gobierno de OHT, que est\u00e1 al borde de la vacancia moral, nos ha impuesto personajes cuestionado como este Contralmirante V\u00e1squez Sol\u00eds, quien tiene responsabilidad con algunos de los desastrosos Decretos o decisiones que han afectado duramente al sector pesquero peruano como: el DS 005-2012 PRODUCE, la mal llamada \u201ccuota social\u201d de 810 mil toneladas dadas en la segunda temporada de pesca del 2013, la cancelaci\u00f3n de la segunda temporada de pesca del 2014, etc.<\/p>\n<p>&nbsp;<\/p>\n","protected":false},"excerpt":{"rendered":"<p>Hasta ahora no entendemos.\u00a0\u00bfPor qu\u00e9? en pleno siglo XXI y conociendo que todo el Oc\u00e9ano Pacifico Central est\u00e1 monitoreado hasta los 500 o 750 metros de profundidad, las autoridades peruanas intenten cambiar la verdad por una mentira. Primero, sosten\u00edan que llegar\u00eda en mayo un Ni\u00f1o d\u00e9bil, ahora aseguran que ser\u00e1 moderado, ello a pesar que [&hellip;]<\/p>\n","protected":false},"author":2,"featured_media":4153,"comment_status":"open","ping_status":"open","sticky":false,"template":"","format":"standard","meta":{"footnotes":""},"categories":[77,78,63,67,69,72],"tags":[],"class_list":["post-4151","post","type-post","status-publish","format-standard","has-post-thumbnail","hentry","category-internacionales","category-nacionales","category-noticias","category-pesqueria","category-politica","category-regionales"],"_links":{"self":[{"href":"http:\/\/www.perupesquero.org\/web\/wp-json\/wp\/v2\/posts\/4151","targetHints":{"allow":["GET"]}}],"collection":[{"href":"http:\/\/www.perupesquero.org\/web\/wp-json\/wp\/v2\/posts"}],"about":[{"href":"http:\/\/www.perupesquero.org\/web\/wp-json\/wp\/v2\/types\/post"}],"author":[{"embeddable":true,"href":"http:\/\/www.perupesquero.org\/web\/wp-json\/wp\/v2\/users\/2"}],"replies":[{"embeddable":true,"href":"http:\/\/www.perupesquero.org\/web\/wp-json\/wp\/v2\/comments?post=4151"}],"version-history":[{"count":0,"href":"http:\/\/www.perupesquero.org\/web\/wp-json\/wp\/v2\/posts\/4151\/revisions"}],"wp:featuredmedia":[{"embeddable":true,"href":"http:\/\/www.perupesquero.org\/web\/wp-json\/wp\/v2\/media\/4153"}],"wp:attachment":[{"href":"http:\/\/www.perupesquero.org\/web\/wp-json\/wp\/v2\/media?parent=4151"}],"wp:term":[{"taxonomy":"category","embeddable":true,"href":"http:\/\/www.perupesquero.org\/web\/wp-json\/wp\/v2\/categories?post=4151"},{"taxonomy":"post_tag","embeddable":true,"href":"http:\/\/www.perupesquero.org\/web\/wp-json\/wp\/v2\/tags?post=4151"}],"curies":[{"name":"wp","href":"https:\/\/api.w.org\/{rel}","templated":true}]}}