{"id":4063,"date":"2015-03-31T12:05:09","date_gmt":"2015-03-31T17:05:09","guid":{"rendered":"http:\/\/www.perupesquero.org\/?p=4063"},"modified":"2015-03-31T12:05:09","modified_gmt":"2015-03-31T17:05:09","slug":"produce-busca-elevar-consumo-de-pescado-en-semana-santa","status":"publish","type":"post","link":"http:\/\/www.perupesquero.org\/web\/produce-busca-elevar-consumo-de-pescado-en-semana-santa\/","title":{"rendered":"PRODUCE busca elevar consumo de Pescado en Semana Santa"},"content":{"rendered":"<p style=\"text-align: justify;\">El Ministerio de la Producci\u00f3n, a trav\u00e9s del Programa Nacional <strong><em>\u201cA Comer Pescado\u201d<\/em><\/strong>, buscar\u00e1 elevar el consumo del recurso mar\u00edtimo en Semana Santa y realizar\u00e1 el 1 de abril la feria denominada &#8220;La Pesquer\u00eda&#8221;en el Distrito de San Juan de Lurigancho.<\/p>\n<p style=\"text-align: justify;\">A trav\u00e9s de esta feria se buscar\u00e1 elevar el Consumo Humano Directo de los recursos hidrobiol\u00f3gicos locales.<\/p>\n<p style=\"text-align: justify;\">Seg\u00fan inform\u00f3 la referida cartera en dicha feria, que se ubicar\u00e1 en el Complejo Deportivo de Canto Grande, se repartir\u00e1n 8,000 kilogramos de Bonitos frescos entre m\u00e1s de 5,000 pobladores.<\/p>\n<p style=\"text-align: justify;\"><em>&#8220;La poblaci\u00f3n acceder\u00e1 a pescado fresco y econ\u00f3mico, conocer\u00e1 las propiedades nutricionales de este alimento, as\u00ed como la importancia y beneficios de su consumo en todas las etapas de la vida por su alto valor nutricional por el Omega 3, entre otros nutrientes&#8221;<\/em>, indic\u00f3.<\/p>\n<p style=\"text-align: justify;\">Asimismo, se\u00f1al\u00f3 que La Pescader\u00eda busca impulsar el consumo responsable de productos hidrobiol\u00f3gicos, por ello re\u00fane en un s\u00f3lo lugar a los principales actores de la cadena productiva del Pescado: pescadores artesanales, empresas privadas, restaurantes, institutos gastron\u00f3micos y poblaci\u00f3n en general.<\/p>\n<p style=\"text-align: justify;\"><strong>FUENTE:<\/strong> Andina.com.pe<\/p>\n","protected":false},"excerpt":{"rendered":"<p>El Ministerio de la Producci\u00f3n, a trav\u00e9s del Programa Nacional \u201cA Comer Pescado\u201d, buscar\u00e1 elevar el consumo del recurso mar\u00edtimo en Semana Santa y realizar\u00e1 el 1 de abril la feria denominada &#8220;La Pesquer\u00eda&#8221;en el Distrito de San Juan de Lurigancho. A trav\u00e9s de esta feria se buscar\u00e1 elevar el Consumo Humano Directo de los [&hellip;]<\/p>\n","protected":false},"author":2,"featured_media":4064,"comment_status":"open","ping_status":"open","sticky":false,"template":"","format":"standard","meta":{"footnotes":""},"categories":[78,63,67],"tags":[136,544],"class_list":["post-4063","post","type-post","status-publish","format-standard","has-post-thumbnail","hentry","category-nacionales","category-noticias","category-pesqueria","tag-a-comer-pescado","tag-consumo-humano-directo"],"_links":{"self":[{"href":"http:\/\/www.perupesquero.org\/web\/wp-json\/wp\/v2\/posts\/4063","targetHints":{"allow":["GET"]}}],"collection":[{"href":"http:\/\/www.perupesquero.org\/web\/wp-json\/wp\/v2\/posts"}],"about":[{"href":"http:\/\/www.perupesquero.org\/web\/wp-json\/wp\/v2\/types\/post"}],"author":[{"embeddable":true,"href":"http:\/\/www.perupesquero.org\/web\/wp-json\/wp\/v2\/users\/2"}],"replies":[{"embeddable":true,"href":"http:\/\/www.perupesquero.org\/web\/wp-json\/wp\/v2\/comments?post=4063"}],"version-history":[{"count":0,"href":"http:\/\/www.perupesquero.org\/web\/wp-json\/wp\/v2\/posts\/4063\/revisions"}],"wp:featuredmedia":[{"embeddable":true,"href":"http:\/\/www.perupesquero.org\/web\/wp-json\/wp\/v2\/media\/4064"}],"wp:attachment":[{"href":"http:\/\/www.perupesquero.org\/web\/wp-json\/wp\/v2\/media?parent=4063"}],"wp:term":[{"taxonomy":"category","embeddable":true,"href":"http:\/\/www.perupesquero.org\/web\/wp-json\/wp\/v2\/categories?post=4063"},{"taxonomy":"post_tag","embeddable":true,"href":"http:\/\/www.perupesquero.org\/web\/wp-json\/wp\/v2\/tags?post=4063"}],"curies":[{"name":"wp","href":"https:\/\/api.w.org\/{rel}","templated":true}]}}