{"id":4051,"date":"2015-03-30T12:21:22","date_gmt":"2015-03-30T17:21:22","guid":{"rendered":"http:\/\/www.perupesquero.org\/?p=4051"},"modified":"2015-03-30T12:21:22","modified_gmt":"2015-03-30T17:21:22","slug":"fenomeno-el-nino-7-datos-a-tener-en-cuenta-tras-anuncio-del-senamhi","status":"publish","type":"post","link":"http:\/\/www.perupesquero.org\/web\/fenomeno-el-nino-7-datos-a-tener-en-cuenta-tras-anuncio-del-senamhi\/","title":{"rendered":"Fen\u00f3meno El Ni\u00f1o: 7 datos a tener en cuenta tras anuncio del Senamhi"},"content":{"rendered":"<p style=\"text-align: justify;\">El Servicio Nacional de Meteorolog\u00eda e Hidrolog\u00eda del Per\u00fa (Senamhi) asegur\u00f3 que este a\u00f1o el Fen\u00f3meno El Ni\u00f1o s\u00ed se presentar\u00e1 en las costas del Pac\u00edfico.<\/p>\n<p style=\"text-align: justify;\">Grinia \u00c1lvarez, Vocera del ente que se encarga de ver los cambios clim\u00e1ticos que se producen en el pa\u00eds, se\u00f1al\u00f3 que el fen\u00f3meno se presentar\u00e1 entre mayo y junio de este a\u00f1o (mediados de oto\u00f1o), y de forma leve.<\/p>\n<p style=\"text-align: justify;\">A continuaci\u00f3n, presentamos 7 aspectos que debes tener en cuenta para estar prevenido ante este fen\u00f3meno, y tambi\u00e9n te recordamos los efectos que tuvo El Ni\u00f1o en el Per\u00fa en 1997 y 1998:<\/p>\n<p style=\"text-align: justify;\"><span style=\"color: #800080;\"><strong>1.<\/strong><\/span> El Ni\u00f1o es un fen\u00f3meno meteorol\u00f3gico err\u00e1ticamente c\u00edclico, es decir, que aparece sin una frecuencia determinada, en ciclos de tres a ocho a\u00f1os. Este afecta principalmente a Sudam\u00e9rica, en las costas del Pac\u00edfico.<\/p>\n<p style=\"text-align: justify;\"><strong><span style=\"color: #800080;\">2.<\/span><\/strong> Consiste en un cambio de patrones en el movimiento de las corrientes marinas, provocando una superposici\u00f3n de aguas c\u00e1lidas, sobre las aguas fr\u00edas que caracterizan a la corriente del Humboldt.<\/p>\n<p style=\"text-align: justify;\"><strong><span style=\"color: #800080;\">3.<\/span><\/strong> Los pescadores del puerto de Paita, al norte de nuestro pa\u00eds, lo bautizaron como \u2018El Ni\u00f1o\u2019, en referencia a Jesucristo. Esto se debe que, durante algunas temporadas, el agua de las costas del Pac\u00edfico se calentaba en \u00e9pocas navide\u00f1as.<\/p>\n<p style=\"text-align: justify;\"><strong><span style=\"color: #800080;\">4.<\/span> <\/strong>Las consecuencias de este fen\u00f3meno en Am\u00e9rica del Sur, debido a las alteraciones en la corriente del Humboldt, conllevan a p\u00e9rdidas pesqueras en ciertas especies, y el incremento o aparici\u00f3n circunstancial de otras tantas.<\/p>\n<p style=\"text-align: justify;\"><strong><span style=\"color: #800080;\">5.<\/span><\/strong> El Ni\u00f1o tiende a generar intensas formaciones de nubes, per\u00edodos de gran humedad, baja presi\u00f3n atmosf\u00e9rica, lluvias torrenciales, p\u00e9rdidas agr\u00edcolas, olas de calor y violentos desplazamientos de tierra, conocidos como huaicos.<\/p>\n<p style=\"text-align: justify;\"><strong><span style=\"color: #800080;\">6.<\/span><\/strong> Este fen\u00f3meno puede significar para el pa\u00eds la p\u00e9rdida econ\u00f3mica de actividades primarias. Adem\u00e1s, ante el peligro inminente de los huaicos, puede conllevar a p\u00e9rdidas de hogares, infraestructuras y vidas.<\/p>\n<p style=\"text-align: justify;\"><strong><span style=\"color: #800080;\">7.<\/span><\/strong> La \u00faltima vez que este fen\u00f3meno se dio en nuestro pa\u00eds, fue entre los a\u00f1os 1997 y 1998. Los Departamentos de Tumbes, Piura, Lambayeque, La Libertad e Ica fueron los m\u00e1s afectados por El Ni\u00f1o en esa ocasi\u00f3n.<\/p>\n<p style=\"text-align: justify;\"><strong>FUENTE:<\/strong> Peru21.pe<\/p>\n","protected":false},"excerpt":{"rendered":"<p>El Servicio Nacional de Meteorolog\u00eda e Hidrolog\u00eda del Per\u00fa (Senamhi) asegur\u00f3 que este a\u00f1o el Fen\u00f3meno El Ni\u00f1o s\u00ed se presentar\u00e1 en las costas del Pac\u00edfico. Grinia \u00c1lvarez, Vocera del ente que se encarga de ver los cambios clim\u00e1ticos que se producen en el pa\u00eds, se\u00f1al\u00f3 que el fen\u00f3meno se presentar\u00e1 entre mayo y junio [&hellip;]<\/p>\n","protected":false},"author":2,"featured_media":4052,"comment_status":"open","ping_status":"open","sticky":false,"template":"","format":"standard","meta":{"footnotes":""},"categories":[78,63,67],"tags":[805,1686],"class_list":["post-4051","post","type-post","status-publish","format-standard","has-post-thumbnail","hentry","category-nacionales","category-noticias","category-pesqueria","tag-fenomeno-el-nino","tag-senamhi"],"_links":{"self":[{"href":"http:\/\/www.perupesquero.org\/web\/wp-json\/wp\/v2\/posts\/4051","targetHints":{"allow":["GET"]}}],"collection":[{"href":"http:\/\/www.perupesquero.org\/web\/wp-json\/wp\/v2\/posts"}],"about":[{"href":"http:\/\/www.perupesquero.org\/web\/wp-json\/wp\/v2\/types\/post"}],"author":[{"embeddable":true,"href":"http:\/\/www.perupesquero.org\/web\/wp-json\/wp\/v2\/users\/2"}],"replies":[{"embeddable":true,"href":"http:\/\/www.perupesquero.org\/web\/wp-json\/wp\/v2\/comments?post=4051"}],"version-history":[{"count":0,"href":"http:\/\/www.perupesquero.org\/web\/wp-json\/wp\/v2\/posts\/4051\/revisions"}],"wp:featuredmedia":[{"embeddable":true,"href":"http:\/\/www.perupesquero.org\/web\/wp-json\/wp\/v2\/media\/4052"}],"wp:attachment":[{"href":"http:\/\/www.perupesquero.org\/web\/wp-json\/wp\/v2\/media?parent=4051"}],"wp:term":[{"taxonomy":"category","embeddable":true,"href":"http:\/\/www.perupesquero.org\/web\/wp-json\/wp\/v2\/categories?post=4051"},{"taxonomy":"post_tag","embeddable":true,"href":"http:\/\/www.perupesquero.org\/web\/wp-json\/wp\/v2\/tags?post=4051"}],"curies":[{"name":"wp","href":"https:\/\/api.w.org\/{rel}","templated":true}]}}