{"id":4043,"date":"2015-03-30T11:52:04","date_gmt":"2015-03-30T16:52:04","guid":{"rendered":"http:\/\/www.perupesquero.org\/?p=4043"},"modified":"2015-03-30T11:52:04","modified_gmt":"2015-03-30T16:52:04","slug":"chile-comision-debatira-polemico-programa-de-japon-sobre-caza-de-ballenas","status":"publish","type":"post","link":"http:\/\/www.perupesquero.org\/web\/chile-comision-debatira-polemico-programa-de-japon-sobre-caza-de-ballenas\/","title":{"rendered":"CHILE &#8211; Comisi\u00f3n debatir\u00e1 pol\u00e9mico programa de Jap\u00f3n sobre caza de Ballenas"},"content":{"rendered":"<p style=\"text-align: justify;\">El Diputado Juan Morano (DC), Presidente de la Comisi\u00f3n de Zonas Extremas de la C\u00e1mara de Diputados, inform\u00f3 que esta instancia ha programado para el pr\u00f3ximo mi\u00e9rcoles 1 de abril un amplio debate por <strong>el nuevo programa ballenero de Jap\u00f3n en la Ant\u00e1rtica<\/strong>, invitando a los Representantes del Centro de Conservaci\u00f3n Cet\u00e1cea, Elsa Cabrera y B\u00e1rbara Galletti, y al Director del Centro Ecoceanos, Juan Carlos C\u00e1rdenas, quienes expondr\u00e1n sobre los riegos del nuevo programa ballenero (<strong>NEWREP-A<\/strong>), impulsado por la naci\u00f3n nipona, para realizar <em>\u201ccaza cient\u00edfica\u201d<\/em> de Cet\u00e1ceos en el continente blanco.<\/p>\n<p style=\"text-align: justify;\">Al respecto, el Diputado Morano sostuvo que<em> \u201cexiste una gran controversia respecto al nuevo programa de investigaci\u00f3n ballenero impulsado por Jap\u00f3n en la Ant\u00e1rtida chilena, luego que en marzo de 2014 el fallo de la Corte Internacional de Justicia sentenci\u00f3 que la denominada \u2018caza cient\u00edfica\u2019 de Ballenas de Jap\u00f3n en Ant\u00e1rtica era ilegal\u201d.<\/em><\/p>\n<p style=\"text-align: justify;\">En esa l\u00ednea, el Congresista plante\u00f3 que <em>\u201cen la comisi\u00f3n existe preocupaci\u00f3n por este nuevo programa de \u2018caza cient\u00edfica\u2019 que quiere llevar a cabo Jap\u00f3n, ya que existen antecedentes de expertos que sostienen que no es necesario matar a las especies cet\u00e1ceas para obtener informaci\u00f3n sobre ellas. Jap\u00f3n ha justificado la matanza de las Ballenas argumentado que es la \u00fanica manera para conocer su edad, sus h\u00e1bitos alimenticios y para esto hemos invitado a estos expertos, para que despejen las dudas y los cuestionamientos sobre la \u2018caza cient\u00edfica\u2019\u201d.<\/em><\/p>\n<p style=\"text-align: justify;\">Adem\u00e1s, el Legislador record\u00f3 que <em>\u201clas aguas alrededor de la Ant\u00e1rtida en 1994 fueron declaradas \u2018Santuario Ballenero Austral\u2019 por la Comisi\u00f3n Ballenera Internacional (CBI), declarando este territorio como un \u2018para\u00edso seguro\u2019 para las Ballenas, donde la caza comercial no est\u00e1 permitida, debido a que esta \u00e1rea es utilizada por muchas especies de Ballenas como zona de alimentaci\u00f3n, pero lamentablemente esto no opera para la \u2018caza cient\u00edfica\u2019 que se sigue realizando en estas aguas\u201d.<\/em><\/p>\n<p style=\"text-align: justify;\"><strong>FUENTE:<\/strong> Aqua.cl<\/p>\n","protected":false},"excerpt":{"rendered":"<p>El Diputado Juan Morano (DC), Presidente de la Comisi\u00f3n de Zonas Extremas de la C\u00e1mara de Diputados, inform\u00f3 que esta instancia ha programado para el pr\u00f3ximo mi\u00e9rcoles 1 de abril un amplio debate por el nuevo programa ballenero de Jap\u00f3n en la Ant\u00e1rtica, invitando a los Representantes del Centro de Conservaci\u00f3n Cet\u00e1cea, Elsa Cabrera y [&hellip;]<\/p>\n","protected":false},"author":2,"featured_media":4044,"comment_status":"open","ping_status":"open","sticky":false,"template":"","format":"standard","meta":{"footnotes":""},"categories":[77,63,67],"tags":[303,423,1217],"class_list":["post-4043","post","type-post","status-publish","format-standard","has-post-thumbnail","hentry","category-internacionales","category-noticias","category-pesqueria","tag-ballenas","tag-cdi","tag-newrep-a"],"_links":{"self":[{"href":"http:\/\/www.perupesquero.org\/web\/wp-json\/wp\/v2\/posts\/4043","targetHints":{"allow":["GET"]}}],"collection":[{"href":"http:\/\/www.perupesquero.org\/web\/wp-json\/wp\/v2\/posts"}],"about":[{"href":"http:\/\/www.perupesquero.org\/web\/wp-json\/wp\/v2\/types\/post"}],"author":[{"embeddable":true,"href":"http:\/\/www.perupesquero.org\/web\/wp-json\/wp\/v2\/users\/2"}],"replies":[{"embeddable":true,"href":"http:\/\/www.perupesquero.org\/web\/wp-json\/wp\/v2\/comments?post=4043"}],"version-history":[{"count":0,"href":"http:\/\/www.perupesquero.org\/web\/wp-json\/wp\/v2\/posts\/4043\/revisions"}],"wp:featuredmedia":[{"embeddable":true,"href":"http:\/\/www.perupesquero.org\/web\/wp-json\/wp\/v2\/media\/4044"}],"wp:attachment":[{"href":"http:\/\/www.perupesquero.org\/web\/wp-json\/wp\/v2\/media?parent=4043"}],"wp:term":[{"taxonomy":"category","embeddable":true,"href":"http:\/\/www.perupesquero.org\/web\/wp-json\/wp\/v2\/categories?post=4043"},{"taxonomy":"post_tag","embeddable":true,"href":"http:\/\/www.perupesquero.org\/web\/wp-json\/wp\/v2\/tags?post=4043"}],"curies":[{"name":"wp","href":"https:\/\/api.w.org\/{rel}","templated":true}]}}