{"id":3867,"date":"2015-03-18T16:38:57","date_gmt":"2015-03-18T21:38:57","guid":{"rendered":"http:\/\/www.perupesquero.org\/?p=3867"},"modified":"2015-03-18T16:38:57","modified_gmt":"2015-03-18T21:38:57","slug":"los-oceanos-se-estan-volviendo-mas-y-mas-hostiles-para-la-vida-marina","status":"publish","type":"post","link":"http:\/\/www.perupesquero.org\/web\/los-oceanos-se-estan-volviendo-mas-y-mas-hostiles-para-la-vida-marina\/","title":{"rendered":"Los oc\u00e9anos se est\u00e1n volviendo m\u00e1s y m\u00e1s hostiles para la vida marina"},"content":{"rendered":"<p style=\"text-align: justify;\">Los Cient\u00edficos han afirmado que las temperaturas m\u00e1s c\u00e1lidas est\u00e1n absorbiendo el ox\u00edgeno de las aguas incluso en alta mar, por lo que enormes extensiones de oc\u00e9ano profundo se han vuelto hostiles para la vida marina.<\/p>\n<p style=\"text-align: justify;\">Esta falta de ox\u00edgeno se ha encontrado a trav\u00e9s de los cambios de comportamiento de Peces, como el caso de los depredadores como el Marlin y Pez vela que est\u00e1n nadando muy cerca de la superficie, raramente usando su poder formidable para sumergirse en las profundidades para perseguir presas, inform\u00f3 National Geographic.<\/p>\n<p style=\"text-align: justify;\"><em>&#8220;Doscientos metros m\u00e1s abajo, hay un tren de carga de agua con poco ox\u00edgeno disparada hacia la superficie&#8221;<\/em>, dice William Gilly, un Bi\u00f3logo marino de la Estaci\u00f3n Marina Hopkins de la Universidad de Stanford, en Pacific Grove, California. Sin embargo, &#8220;<em>con toda la alharaca sobre cuestiones oce\u00e1nicas, \u00e9ste no ha recibido mucha atenci\u00f3n.&#8221;<\/em><\/p>\n<p style=\"text-align: justify;\">Los Bi\u00f3logos creen que en el mundo las \u00e1reas de bajo ox\u00edgeno se han expandido por m\u00e1s de 1,7 millones de kil\u00f3metros cuadrados (4,5 millones de kil\u00f3metros cuadrados) en los \u00faltimos 50 a\u00f1os, un fen\u00f3meno que podr\u00eda transformar los mares tanto como el calentamiento global y la acidificaci\u00f3n de los oc\u00e9anos, la reordenaci\u00f3n de d\u00f3nde y qu\u00e9 criaturas comen y altera el orden normal de las especies que viven o mueren. Ya est\u00e1 empezando a revolver las cadenas alimentarias del oc\u00e9ano y amenaza con agravar casi todos los dem\u00e1s problemas en el Mar.<\/p>\n<p style=\"text-align: justify;\">Por lo tanto, los cient\u00edficos est\u00e1n debatiendo la cantidad de ox\u00edgeno que se pierde estimulado por el calentamiento global, y cu\u00e1nto es impulsado por los ciclos naturales. Pero ellos est\u00e1n de acuerdo en que el cambio clim\u00e1tico generar\u00e1 una propagaci\u00f3n de las p\u00e9rdidas y quiz\u00e1s incluso una aceleraci\u00f3n.<\/p>\n<p style=\"text-align: justify;\">Durante la pr\u00f3xima d\u00e9cada, los investigadores investigar\u00e1n si este cambio que estar\u00eda conduciendo a criaturas marinas &#8211; &#8211; Pez vela, Tiburones, At\u00fan, el Pez espada y el Bacalao del Pac\u00edfico, as\u00ed como las Sardinas peque\u00f1as, el Arenque, el S\u00e1balo y la Caballa que comen &#8211; &#8211; en bandas estrechas de agua rica en ox\u00edgeno cerca de la superficie.<\/p>\n<p style=\"text-align: justify;\">Adem\u00e1s, los Bi\u00f3logos han se\u00f1alado que al congregarse junto a su presa parece estar haciendo al Pescado m\u00e1s grande un poco m\u00e1s grasoso, ya que consumen menos energ\u00eda en la caza. Pero vivir en una zona tan comprimida tambi\u00e9n puede estar acelerando el declive de los principales depredadores como el at\u00fan, el pez vela, marlin y haci\u00e9ndolos m\u00e1s accesibles a las flotas pesqueras.<\/p>\n<p style=\"text-align: justify;\">Ante estos hechos, la mayor\u00eda de los investigadores proyectan que la p\u00e9rdida de ox\u00edgeno seguir\u00e1 llevando a muchas especies hacia la superficie, lo que reduce el h\u00e1bitat para algunos y se concentran como presa para las aves, tortugas y otros depredadores de superficie.<\/p>\n<p style=\"text-align: justify;\"><strong>FUENTE:<\/strong> Fis.com<\/p>\n","protected":false},"excerpt":{"rendered":"<p>Los Cient\u00edficos han afirmado que las temperaturas m\u00e1s c\u00e1lidas est\u00e1n absorbiendo el ox\u00edgeno de las aguas incluso en alta mar, por lo que enormes extensiones de oc\u00e9ano profundo se han vuelto hostiles para la vida marina. Esta falta de ox\u00edgeno se ha encontrado a trav\u00e9s de los cambios de comportamiento de Peces, como el caso [&hellip;]<\/p>\n","protected":false},"author":2,"featured_media":3868,"comment_status":"open","ping_status":"open","sticky":false,"template":"","format":"standard","meta":{"footnotes":""},"categories":[77,63],"tags":[255,702,1085,1442,1799],"class_list":["post-3867","post","type-post","status-publish","format-standard","has-post-thumbnail","hentry","category-internacionales","category-noticias","tag-atun","tag-el-pez-espada","tag-los-oceanos-se-estan-volviendo-mas-y-mas-hostiles-para-la-vida-marina","tag-pez-vela","tag-tiburones"],"_links":{"self":[{"href":"http:\/\/www.perupesquero.org\/web\/wp-json\/wp\/v2\/posts\/3867","targetHints":{"allow":["GET"]}}],"collection":[{"href":"http:\/\/www.perupesquero.org\/web\/wp-json\/wp\/v2\/posts"}],"about":[{"href":"http:\/\/www.perupesquero.org\/web\/wp-json\/wp\/v2\/types\/post"}],"author":[{"embeddable":true,"href":"http:\/\/www.perupesquero.org\/web\/wp-json\/wp\/v2\/users\/2"}],"replies":[{"embeddable":true,"href":"http:\/\/www.perupesquero.org\/web\/wp-json\/wp\/v2\/comments?post=3867"}],"version-history":[{"count":0,"href":"http:\/\/www.perupesquero.org\/web\/wp-json\/wp\/v2\/posts\/3867\/revisions"}],"wp:featuredmedia":[{"embeddable":true,"href":"http:\/\/www.perupesquero.org\/web\/wp-json\/wp\/v2\/media\/3868"}],"wp:attachment":[{"href":"http:\/\/www.perupesquero.org\/web\/wp-json\/wp\/v2\/media?parent=3867"}],"wp:term":[{"taxonomy":"category","embeddable":true,"href":"http:\/\/www.perupesquero.org\/web\/wp-json\/wp\/v2\/categories?post=3867"},{"taxonomy":"post_tag","embeddable":true,"href":"http:\/\/www.perupesquero.org\/web\/wp-json\/wp\/v2\/tags?post=3867"}],"curies":[{"name":"wp","href":"https:\/\/api.w.org\/{rel}","templated":true}]}}