{"id":3855,"date":"2015-03-18T15:44:58","date_gmt":"2015-03-18T20:44:58","guid":{"rendered":"http:\/\/www.perupesquero.org\/?p=3855"},"modified":"2015-03-18T15:44:58","modified_gmt":"2015-03-18T20:44:58","slug":"chiloe-pescadores-artesanales-logran-mesa-de-negociacion-tras-dura-jornada-de-toma","status":"publish","type":"post","link":"http:\/\/www.perupesquero.org\/web\/chiloe-pescadores-artesanales-logran-mesa-de-negociacion-tras-dura-jornada-de-toma\/","title":{"rendered":"CHILO\u00c9 &#8211; Pescadores artesanales logran mesa de negociaci\u00f3n tras dura jornada de toma"},"content":{"rendered":"<p style=\"text-align: justify;\">Con el acuerdo de instaurar una mesa de negociaci\u00f3n con autoridades -previsiblemente a partir de este jueves- los Pescadores artesanales de Chilo\u00e9 levantaron la toma que manten\u00edan en el Sector de Punta Diamante, ruta de acceso a Castro, alrededor de las 21 horas del d\u00eda de ayer.<\/p>\n<p style=\"text-align: justify;\">Cabe recordar que la dura jornada dej\u00f3 un saldo de 12 detenidos y 7 heridos, uno de ellos trasladado al hospital de Puerto Montt por lesi\u00f3n en uno de sus ojos, provocada por el impacto de un bal\u00edn en el marco de la dura represi\u00f3n que ejercieron funcionarios de carabineros.<\/p>\n<p style=\"text-align: justify;\">El actuar del aparato represivo fue criticado, entre otras personalidades, por el Senador Quinteros (PS), quien se refiri\u00f3 a las demandas de los trabajadores, que entre otros temas particulares exigen la revisi\u00f3n de la deslegitimada Ley Longueira, aseverando que<em> \u201cEs imperativo que el Gobierno a trav\u00e9s de la Subsecretar\u00eda de Pesca agilice el proceso de revisi\u00f3n de la legislaci\u00f3n existente, porque no podemos seguir remendando un texto legal que tiene deficiencias de fondo y que le da la espalda a una actividad productiva tan relevante como la Pesca artesanal.\u201d<\/em><\/p>\n<p style=\"text-align: justify;\"><em>\u201cUno entiende la molestia y la frustraci\u00f3n de los pescadores, y no sacamos mucho con comprometer por un lado mesas de trabajo y por otro dar rienda suelta a la represi\u00f3n por parte de la polic\u00eda\u201d<\/em>, afirm\u00f3 el legislador.<\/p>\n<p style=\"text-align: justify;\"><strong>FUENTE:<\/strong> Elciudadano.cl<\/p>\n","protected":false},"excerpt":{"rendered":"<p>Con el acuerdo de instaurar una mesa de negociaci\u00f3n con autoridades -previsiblemente a partir de este jueves- los Pescadores artesanales de Chilo\u00e9 levantaron la toma que manten\u00edan en el Sector de Punta Diamante, ruta de acceso a Castro, alrededor de las 21 horas del d\u00eda de ayer. Cabe recordar que la dura jornada dej\u00f3 un [&hellip;]<\/p>\n","protected":false},"author":2,"featured_media":3856,"comment_status":"open","ping_status":"open","sticky":false,"template":"","format":"standard","meta":{"footnotes":""},"categories":[77,63,67],"tags":[1354,1741],"class_list":["post-3855","post","type-post","status-publish","format-standard","has-post-thumbnail","hentry","category-internacionales","category-noticias","category-pesqueria","tag-pesca-artesanal","tag-subsecretaria-de-pesca"],"_links":{"self":[{"href":"http:\/\/www.perupesquero.org\/web\/wp-json\/wp\/v2\/posts\/3855","targetHints":{"allow":["GET"]}}],"collection":[{"href":"http:\/\/www.perupesquero.org\/web\/wp-json\/wp\/v2\/posts"}],"about":[{"href":"http:\/\/www.perupesquero.org\/web\/wp-json\/wp\/v2\/types\/post"}],"author":[{"embeddable":true,"href":"http:\/\/www.perupesquero.org\/web\/wp-json\/wp\/v2\/users\/2"}],"replies":[{"embeddable":true,"href":"http:\/\/www.perupesquero.org\/web\/wp-json\/wp\/v2\/comments?post=3855"}],"version-history":[{"count":0,"href":"http:\/\/www.perupesquero.org\/web\/wp-json\/wp\/v2\/posts\/3855\/revisions"}],"wp:featuredmedia":[{"embeddable":true,"href":"http:\/\/www.perupesquero.org\/web\/wp-json\/wp\/v2\/media\/3856"}],"wp:attachment":[{"href":"http:\/\/www.perupesquero.org\/web\/wp-json\/wp\/v2\/media?parent=3855"}],"wp:term":[{"taxonomy":"category","embeddable":true,"href":"http:\/\/www.perupesquero.org\/web\/wp-json\/wp\/v2\/categories?post=3855"},{"taxonomy":"post_tag","embeddable":true,"href":"http:\/\/www.perupesquero.org\/web\/wp-json\/wp\/v2\/tags?post=3855"}],"curies":[{"name":"wp","href":"https:\/\/api.w.org\/{rel}","templated":true}]}}