{"id":3760,"date":"2015-03-12T22:25:05","date_gmt":"2015-03-13T03:25:05","guid":{"rendered":"http:\/\/www.perupesquero.org\/?p=3760"},"modified":"2015-03-12T22:25:05","modified_gmt":"2015-03-13T03:25:05","slug":"navarro-la-ley-longueira-amenaza-con-dejar-sin-peces-a-los-artesanales-chilenos","status":"publish","type":"post","link":"http:\/\/www.perupesquero.org\/web\/navarro-la-ley-longueira-amenaza-con-dejar-sin-peces-a-los-artesanales-chilenos\/","title":{"rendered":"Navarro: \u201cLa ley Longueira amenaza con dejar sin peces  a los artesanales chilenos\u201c"},"content":{"rendered":"<p><strong>El parlamentario sostuvo que en cuanto a los 22 mil kil\u00f3metros cuadrados de Mar que Chile debe ceder a Per\u00fa, por orden de la Corte de La Haya, en definitiva, \u201cPer\u00fa no gan\u00f3 todo lo que esperaba ganar, pero algo gan\u00f3; y Chile no perdi\u00f3 todo lo que se esperaba pod\u00eda perder, pero algo perdi\u00f3\u201d.<\/strong><\/p>\n<p>Asimismo, el congresista agreg\u00f3 que \u201cla implementaci\u00f3n del fallo de La Haya debe llevarse con sensatez junto al gobierno de la\u00a0<strong>Presidenta Michelle Bachelet<\/strong>, el que debiese establecer pol\u00edticas especiales relacionadas a las zonas extremas de nuestro pa\u00eds, que ampare a los pescadores artesanales, como en Arica\u201d.<\/p>\n<p>Siguiendo en ese sentido, Navarro coment\u00f3 que \u201csi es por evaluar el fallo de La Haya, cabe considerar que la Ley de Pesca o Ley Longueira, aprobada a fines del 2012, y que benefici\u00f3 a grandes industriales como el grupo Angelini Corpesca que cubre el 90% de la producci\u00f3n pesquera del Mar chileno en el norte, y el 50,5% a nivel nacional, esa s\u00ed que amenaza sin dejar con recursos a los artesanales y, estimamos, es m\u00e1s da\u00f1ina que la nueva limitaci\u00f3n n\u00e1utica\u201d.<\/p>\n<p>De otro lado, el senador junto con destacar la alineaci\u00f3n pol\u00edtica chilena frente a este litigio y de respaldo al Presidente de turno, indic\u00f3 que \u201cnuestro deseo al menos desde el Movimiento Amplio Social, partido con profundo sentido latinoamericanista, es que las diferencias resueltas en territorio mar\u00edtimo ahora sean implementadas siempre bajo un plano de fraternidad con Per\u00fa. Y, por cierto, que los m\u00e1s de 130 mil ciudadanos inmigrantes de ese pa\u00eds en Chile, que corresponden al 30% del total de extranjeros en nuestras tierras, sientan garantizada la seguridad en la convivencia y sin violaciones a su bienestar\u201d.<\/p>\n","protected":false},"excerpt":{"rendered":"<p>El parlamentario sostuvo que en cuanto a los 22 mil kil\u00f3metros cuadrados de Mar que Chile debe ceder a Per\u00fa, por orden de la Corte de La Haya, en definitiva, \u201cPer\u00fa no gan\u00f3 todo lo que esperaba ganar, pero algo gan\u00f3; y Chile no perdi\u00f3 todo lo que se esperaba pod\u00eda perder, pero algo perdi\u00f3\u201d. [&hellip;]<\/p>\n","protected":false},"author":2,"featured_media":3761,"comment_status":"open","ping_status":"open","sticky":false,"template":"","format":"standard","meta":{"footnotes":""},"categories":[77,78,63,67,69,72],"tags":[],"class_list":["post-3760","post","type-post","status-publish","format-standard","has-post-thumbnail","hentry","category-internacionales","category-nacionales","category-noticias","category-pesqueria","category-politica","category-regionales"],"_links":{"self":[{"href":"http:\/\/www.perupesquero.org\/web\/wp-json\/wp\/v2\/posts\/3760","targetHints":{"allow":["GET"]}}],"collection":[{"href":"http:\/\/www.perupesquero.org\/web\/wp-json\/wp\/v2\/posts"}],"about":[{"href":"http:\/\/www.perupesquero.org\/web\/wp-json\/wp\/v2\/types\/post"}],"author":[{"embeddable":true,"href":"http:\/\/www.perupesquero.org\/web\/wp-json\/wp\/v2\/users\/2"}],"replies":[{"embeddable":true,"href":"http:\/\/www.perupesquero.org\/web\/wp-json\/wp\/v2\/comments?post=3760"}],"version-history":[{"count":0,"href":"http:\/\/www.perupesquero.org\/web\/wp-json\/wp\/v2\/posts\/3760\/revisions"}],"wp:featuredmedia":[{"embeddable":true,"href":"http:\/\/www.perupesquero.org\/web\/wp-json\/wp\/v2\/media\/3761"}],"wp:attachment":[{"href":"http:\/\/www.perupesquero.org\/web\/wp-json\/wp\/v2\/media?parent=3760"}],"wp:term":[{"taxonomy":"category","embeddable":true,"href":"http:\/\/www.perupesquero.org\/web\/wp-json\/wp\/v2\/categories?post=3760"},{"taxonomy":"post_tag","embeddable":true,"href":"http:\/\/www.perupesquero.org\/web\/wp-json\/wp\/v2\/tags?post=3760"}],"curies":[{"name":"wp","href":"https:\/\/api.w.org\/{rel}","templated":true}]}}