{"id":3756,"date":"2015-03-12T17:30:44","date_gmt":"2015-03-12T22:30:44","guid":{"rendered":"http:\/\/www.perupesquero.org\/?p=3756"},"modified":"2015-03-12T17:30:44","modified_gmt":"2015-03-12T22:30:44","slug":"produce-afirma-que-el-clima-favorecera-a-la-pesca-peruana","status":"publish","type":"post","link":"http:\/\/www.perupesquero.org\/web\/produce-afirma-que-el-clima-favorecera-a-la-pesca-peruana\/","title":{"rendered":"PRODUCE afirma que el clima favorecer\u00e1 a la Pesca peruana"},"content":{"rendered":"<p style=\"text-align: justify;\"><em>\u201cLa temperatura del Mar tiende a la normalizaci\u00f3n, las aguas est\u00e1n fr\u00edas\u201d,<\/em> comenta el Viceministro de Pesquer\u00eda, Juan Carlos Requejo. Con ello dej\u00f3 en claro que no existe alerta sobre un nuevo fen\u00f3meno de El Ni\u00f1o para este a\u00f1o, como lo plante\u00f3 la semana pasada la entidad cient\u00edfica estadounidense (NOAA-por sus siglas en ingl\u00e9s).<\/p>\n<p style=\"text-align: justify;\">M\u00e1s bien precis\u00f3 que la mencionada entidad hace seguimiento a otra \u00e1rea del Oc\u00e9ano Pac\u00edfico \u2013zona centro\u2013, por lo que sus pron\u00f3sticos no se aplican al 100% a nuestras costas.<\/p>\n<p style=\"text-align: justify;\">Luego de esta precisi\u00f3n, Requejo reiter\u00f3 que este ser\u00e1 un buen a\u00f1o para la Pesca de Anchoveta, que fuera impactada por El Ni\u00f1o en el 2014. Estim\u00f3 que las capturas se incrementar\u00e1n este a\u00f1o en un 30% en relaci\u00f3n con el a\u00f1o pasado. El sector industrial no sale a pescar desde julio \u00faltimo.<\/p>\n<p style=\"text-align: justify;\">Alfredo Vicu\u00f1a, Experto en temas pesqueros, coment\u00f3 que a fines de marzo arribar\u00e1 una nueva onda Kelvin, masa de agua caliente, a nuestras costas. Sin embargo, dijo que no tendr\u00e1 mayor impacto en la temporada de Pesca en la zona centro norte, que se inicia en abril.<\/p>\n<p style=\"text-align: justify;\"><strong>EXPECTATIVAS<\/strong><br \/>\nTras expresar su coincidencia en este tema clim\u00e1tico, la Presidenta de la Sociedad Nacional de Pesquer\u00eda (SNP), Elena Conterno, consider\u00f3 que la tasa de crecimiento estar\u00e1 incluso muy por encima del escenario conservador del PRODUCE\u00a0de 30%.<\/p>\n<p style=\"text-align: justify;\"><em>\u201cCreemos que la cuota de primera temporada [en la zona centro-norte] estar\u00e1 en los vol\u00famenes de un a\u00f1o normal, entre 2 y 3,5 millones de toneladas\u201d<\/em>, apunt\u00f3. El crucero que investiga la actual biomasa de Anchoveta culminar\u00e1 el 1 de abril. Para el 10 de abril se habr\u00e1 procesado la informaci\u00f3n y se determinar\u00e1 la cuota de captura.<\/p>\n<p style=\"text-align: justify;\"><strong>TEMA LEGAL<\/strong><br \/>\n\u25ba Pese al actual escenario, la SNP pidi\u00f3 al PRODUCE\u00a0establecer los \u2018gatilladores\u2019 que permitan a la industria ingresar desde la milla 5 en situaciones excepcionales, como lo permite la legislaci\u00f3n.<\/p>\n<p style=\"text-align: justify;\">\u25ba La SNP coment\u00f3 que el proceso legal contra el actual ordenamiento, que los lleva a pescar desde la milla 10, a\u00fan est\u00e1 en su fase inicial.<\/p>\n<p style=\"text-align: justify;\">\u25ba Por el contrario, el proceso seguido por los armadores pesqueros contra el actual sistema est\u00e1 a la espera de una decisi\u00f3n final de la Corte Suprema.<\/p>\n<p style=\"text-align: justify;\"><strong>FUENTE:<\/strong> Elcomercio.pe<\/p>\n","protected":false},"excerpt":{"rendered":"<p>\u201cLa temperatura del Mar tiende a la normalizaci\u00f3n, las aguas est\u00e1n fr\u00edas\u201d, comenta el Viceministro de Pesquer\u00eda, Juan Carlos Requejo. Con ello dej\u00f3 en claro que no existe alerta sobre un nuevo fen\u00f3meno de El Ni\u00f1o para este a\u00f1o, como lo plante\u00f3 la semana pasada la entidad cient\u00edfica estadounidense (NOAA-por sus siglas en ingl\u00e9s). M\u00e1s [&hellip;]<\/p>\n","protected":false},"author":2,"featured_media":3757,"comment_status":"open","ping_status":"open","sticky":false,"template":"","format":"standard","meta":{"footnotes":""},"categories":[78,63,67],"tags":[195,800,1378,1512,1715],"class_list":["post-3756","post","type-post","status-publish","format-standard","has-post-thumbnail","hentry","category-nacionales","category-noticias","category-pesqueria","tag-anchoveta","tag-fenomeno-de-el-nino","tag-pesca-peruana","tag-produce","tag-snp"],"_links":{"self":[{"href":"http:\/\/www.perupesquero.org\/web\/wp-json\/wp\/v2\/posts\/3756","targetHints":{"allow":["GET"]}}],"collection":[{"href":"http:\/\/www.perupesquero.org\/web\/wp-json\/wp\/v2\/posts"}],"about":[{"href":"http:\/\/www.perupesquero.org\/web\/wp-json\/wp\/v2\/types\/post"}],"author":[{"embeddable":true,"href":"http:\/\/www.perupesquero.org\/web\/wp-json\/wp\/v2\/users\/2"}],"replies":[{"embeddable":true,"href":"http:\/\/www.perupesquero.org\/web\/wp-json\/wp\/v2\/comments?post=3756"}],"version-history":[{"count":0,"href":"http:\/\/www.perupesquero.org\/web\/wp-json\/wp\/v2\/posts\/3756\/revisions"}],"wp:featuredmedia":[{"embeddable":true,"href":"http:\/\/www.perupesquero.org\/web\/wp-json\/wp\/v2\/media\/3757"}],"wp:attachment":[{"href":"http:\/\/www.perupesquero.org\/web\/wp-json\/wp\/v2\/media?parent=3756"}],"wp:term":[{"taxonomy":"category","embeddable":true,"href":"http:\/\/www.perupesquero.org\/web\/wp-json\/wp\/v2\/categories?post=3756"},{"taxonomy":"post_tag","embeddable":true,"href":"http:\/\/www.perupesquero.org\/web\/wp-json\/wp\/v2\/tags?post=3756"}],"curies":[{"name":"wp","href":"https:\/\/api.w.org\/{rel}","templated":true}]}}