{"id":3743,"date":"2015-03-12T16:47:52","date_gmt":"2015-03-12T21:47:52","guid":{"rendered":"http:\/\/www.perupesquero.org\/?p=3743"},"modified":"2015-03-12T16:47:52","modified_gmt":"2015-03-12T21:47:52","slug":"piura-adopta-medidas-para-mitigar-contaminacion-de-la-bahia-sechura","status":"publish","type":"post","link":"http:\/\/www.perupesquero.org\/web\/piura-adopta-medidas-para-mitigar-contaminacion-de-la-bahia-sechura\/","title":{"rendered":"Piura adopta medidas para mitigar contaminaci\u00f3n de la Bah\u00eda Sechura"},"content":{"rendered":"<p style=\"text-align: justify;\">El Gobernador regional de Piura, Reynaldo Hilbck, inform\u00f3 que su gesti\u00f3n ha adoptado medidas, junto al Fondo de Proyecci\u00f3n Social Bay\u00f3var, con el fin de mitigar la contaminaci\u00f3n de la Bah\u00eda de Sechura y realizar un reordenamiento territorial de la zona.<\/p>\n<p style=\"text-align: justify;\">Hilbck expres\u00f3\u00f3 su preocupaci\u00f3n por la contaminaci\u00f3n de la Bah\u00eda de Sechura, que de agudizarse podr\u00eda traer consigo el cierre de los mercados europeos.<\/p>\n<p style=\"text-align: justify;\">El Gobernante regional destac\u00f3 el trabajo de los pobladores que se dedican a la Maricultura. Record\u00f3 que esta actividad genera alrededor de 30,000 puestos directos e indirectos de trabajo y con un movimiento econ\u00f3mico de 180 millones de d\u00f3lares al a\u00f1o.<\/p>\n<p style=\"text-align: justify;\"><em>\u201cEstamos muy convencidos e involucrados en la defensa de la bah\u00eda, as\u00ed como poder hacer que este negocio no solo se quede en lo que es ahora, sino que crezca, que se integre en el valor, es decir, que Sechura no solamente pueda exportar la Concha congelada que es una parte del negocio, sino tambi\u00e9n fresca, que es donde est\u00e1 el margen como valor agregado. Hay mucho por desarrollar en este aspecto\u201d<\/em>, asever\u00f3.<\/p>\n<p style=\"text-align: justify;\">Sin embargo, advirti\u00f3 que <em>\u201cel gran problema de la Maricultura es que esta actividad es una de las mayores contaminantes de la Bah\u00eda y por eso se han involucrado PRODUCE, Infraestructura, Vivienda y Saneamiento de la Regi\u00f3n, junto con las alcald\u00edas distritales y delegadas para evitar que la contaminaci\u00f3n avance y cumplir a noviembre pr\u00f3ximo con la exigencia del mercado europeo, a trav\u00e9s de una serie de requisitos para seguir abasteciendo ese mercado\u201d<\/em>, indic\u00f3.<\/p>\n<p style=\"text-align: justify;\"><em>\u201cSi no cumplimos se cierra un gran negocio y corremos el riesgo de perder un gran mercado, esto s\u00ed va a traer un problema mayor, por eso es importante involucrarnos todas las alcald\u00edas de la provincia y gobierno regional\u201d<\/em>, subray\u00f3 Hilbck.<\/p>\n<p style=\"text-align: justify;\">En ese sentido, anunci\u00f3 que la Direcci\u00f3n Regional de Vivienda, Construcci\u00f3n y Saneamiento trabaja con el Fondo de Proyecci\u00f3n Social de Bay\u00f3var para tomar ciertas medidas que van a mitigar la contaminaci\u00f3n en corto plazo, como es atender a Parachique; luego a mediano plazo Sechura, y a largo plazo el Dren 1308 y todo lo que podr\u00eda ser aguas residuales que vengan a trav\u00e9s de ese dren.<\/p>\n<p style=\"text-align: justify;\"><em>\u201cEstamos dispuestos a trabajar no solo en la defensa de la bah\u00eda, sino en su ordenamiento que es vital para que el negocio contin\u00fae\u201d,<\/em> a\u00f1adi\u00f3.<\/p>\n<p style=\"text-align: justify;\">Por su parte, la Titular de la Direcci\u00f3n Regional de Producci\u00f3n, Indira Fabi\u00e1n, destac\u00f3 el apoyo que le brindan las organizaciones de maricultores.<\/p>\n<p style=\"text-align: justify;\"><em>\u201cSi no resolvemos el tema del reordenamiento de la Bah\u00eda o nuestra autoridad sanitaria no realiza el sistema de trazabilidad y establece protocolos espec\u00edficos que solicita la comunidad europea, corremos el riesgo de que nos cierren el mercado que a la fecha se da de manera restringida\u201d<\/em>, indic\u00f3.<\/p>\n<p style=\"text-align: justify;\"><strong>FUENTE:<\/strong> Andina.com.pe<\/p>\n","protected":false},"excerpt":{"rendered":"<p>El Gobernador regional de Piura, Reynaldo Hilbck, inform\u00f3 que su gesti\u00f3n ha adoptado medidas, junto al Fondo de Proyecci\u00f3n Social Bay\u00f3var, con el fin de mitigar la contaminaci\u00f3n de la Bah\u00eda de Sechura y realizar un reordenamiento territorial de la zona. Hilbck expres\u00f3\u00f3 su preocupaci\u00f3n por la contaminaci\u00f3n de la Bah\u00eda de Sechura, que de [&hellip;]<\/p>\n","protected":false},"author":2,"featured_media":3744,"comment_status":"open","ping_status":"open","sticky":false,"template":"","format":"standard","meta":{"footnotes":""},"categories":[78,63,67],"tags":[1118,1512],"class_list":["post-3743","post","type-post","status-publish","format-standard","has-post-thumbnail","hentry","category-nacionales","category-noticias","category-pesqueria","tag-maricultura","tag-produce"],"_links":{"self":[{"href":"http:\/\/www.perupesquero.org\/web\/wp-json\/wp\/v2\/posts\/3743","targetHints":{"allow":["GET"]}}],"collection":[{"href":"http:\/\/www.perupesquero.org\/web\/wp-json\/wp\/v2\/posts"}],"about":[{"href":"http:\/\/www.perupesquero.org\/web\/wp-json\/wp\/v2\/types\/post"}],"author":[{"embeddable":true,"href":"http:\/\/www.perupesquero.org\/web\/wp-json\/wp\/v2\/users\/2"}],"replies":[{"embeddable":true,"href":"http:\/\/www.perupesquero.org\/web\/wp-json\/wp\/v2\/comments?post=3743"}],"version-history":[{"count":0,"href":"http:\/\/www.perupesquero.org\/web\/wp-json\/wp\/v2\/posts\/3743\/revisions"}],"wp:featuredmedia":[{"embeddable":true,"href":"http:\/\/www.perupesquero.org\/web\/wp-json\/wp\/v2\/media\/3744"}],"wp:attachment":[{"href":"http:\/\/www.perupesquero.org\/web\/wp-json\/wp\/v2\/media?parent=3743"}],"wp:term":[{"taxonomy":"category","embeddable":true,"href":"http:\/\/www.perupesquero.org\/web\/wp-json\/wp\/v2\/categories?post=3743"},{"taxonomy":"post_tag","embeddable":true,"href":"http:\/\/www.perupesquero.org\/web\/wp-json\/wp\/v2\/tags?post=3743"}],"curies":[{"name":"wp","href":"https:\/\/api.w.org\/{rel}","templated":true}]}}