{"id":3633,"date":"2015-03-03T09:58:39","date_gmt":"2015-03-03T14:58:39","guid":{"rendered":"http:\/\/www.perupesquero.org\/?p=3633"},"modified":"2015-03-03T09:58:39","modified_gmt":"2015-03-03T14:58:39","slug":"aseveran-que-sardina-comun-aun-no-alcanza-tamano-apto-para-captura","status":"publish","type":"post","link":"http:\/\/www.perupesquero.org\/web\/aseveran-que-sardina-comun-aun-no-alcanza-tamano-apto-para-captura\/","title":{"rendered":"CHILE &#8211; Aseveran que Sardina com\u00fan a\u00fan no alcanza tama\u00f1o apto para captura"},"content":{"rendered":"<p style=\"text-align: justify;\">Para el pr\u00f3ximo 5 de marzo est\u00e1 anunciado que comience la temporada de Pesca de Sardina com\u00fan y Anchoveta para embarcaciones artesanales en la Regi\u00f3n del Biob\u00edo. Estos recursos constituyen la principal fuente de ingresos para este sector, sin embargo, el monitoreo biol\u00f3gico y pesquero que realiza en estas especies el Instituto de Investigaci\u00f3n Pesquera (INPESCA) dej\u00f3 en evidencia que la sardina a\u00fan no alcanza un tama\u00f1o apto para su captura.<\/p>\n<p style=\"text-align: justify;\"><em>\u201cSi bien se ha mantenido un extenso per\u00edodo de veda de reclutamiento para cautelar el crecimiento de juveniles de la sardina com\u00fan, los muestreos realizados por INPESCA en la regi\u00f3n muestran una alta proporci\u00f3n de ejemplares de menos de 8,5 cm de longitud total, cifra que es superior al 32% establecido por el Comit\u00e9 Cient\u00edfico T\u00e9cnico de esta pesquer\u00eda. Por otro lado, el monitoreo de los desembarques en Corral, XIV Regi\u00f3n, no muestran ocurrencia de ejemplares peque\u00f1os\u201d<\/em>, detall\u00f3 un comunicado enviado por la propia entidad.<\/p>\n<p style=\"text-align: justify;\">En este contexto, Marcos Arteaga, Investigador del Departamento de Pesquer\u00edas de INPESCA, se\u00f1al\u00f3 que <em>\u201cen la Regi\u00f3n del Biob\u00edo el tama\u00f1o de los ejemplares se encuentra bajo el indicador de referencia, raz\u00f3n por la cual y al menos para la regi\u00f3n, las capturas debieran iniciarse con posterioridad al 5 de marzo, hasta que el tama\u00f1o de los ejemplares aumente\u201d.<\/em><\/p>\n<p style=\"text-align: justify;\">Seg\u00fan explica Arteaga, uno de los principales atributos de estas especies pel\u00e1gicas peque\u00f1as es su alta tasa de crecimiento, la cual se incrementa durante la temporada estival. En este sentido, agrega que <em>\u201ces de esperar que la Sardina com\u00fan un mes despu\u00e9s de los resultados de estos monitoreos, haya crecido lo suficiente para que el indicador que da t\u00e9rmino a la veda sea gatillado y se inicie la temporada de Pesca\u201d<\/em>.<\/p>\n<p style=\"text-align: justify;\">De suceder lo contrario, el Investigador de INPESCA\u00a0afirma que una de las principales consecuencias para estos recursos radica en el riesgo de afectar su crecimiento por la acci\u00f3n de la pesca, ya que este efecto, si bien no deseado, pero producido por la explotaci\u00f3n temprana e intensa sobre ejemplares que no han alcanzado su desarrollo y la talla de madurez, pone en peligro la sustentabilidad de estas especies y a su vez produce alteraciones en su ciclo biol\u00f3gico.<\/p>\n<p style=\"text-align: justify;\"><strong>FUENTE:<\/strong> Aqua.cl<\/p>\n","protected":false},"excerpt":{"rendered":"<p>Para el pr\u00f3ximo 5 de marzo est\u00e1 anunciado que comience la temporada de Pesca de Sardina com\u00fan y Anchoveta para embarcaciones artesanales en la Regi\u00f3n del Biob\u00edo. Estos recursos constituyen la principal fuente de ingresos para este sector, sin embargo, el monitoreo biol\u00f3gico y pesquero que realiza en estas especies el Instituto de Investigaci\u00f3n Pesquera [&hellip;]<\/p>\n","protected":false},"author":2,"featured_media":3634,"comment_status":"open","ping_status":"open","sticky":false,"template":"","format":"standard","meta":{"footnotes":""},"categories":[77,63,67],"tags":[195,1654],"class_list":["post-3633","post","type-post","status-publish","format-standard","has-post-thumbnail","hentry","category-internacionales","category-noticias","category-pesqueria","tag-anchoveta","tag-sardina"],"_links":{"self":[{"href":"http:\/\/www.perupesquero.org\/web\/wp-json\/wp\/v2\/posts\/3633","targetHints":{"allow":["GET"]}}],"collection":[{"href":"http:\/\/www.perupesquero.org\/web\/wp-json\/wp\/v2\/posts"}],"about":[{"href":"http:\/\/www.perupesquero.org\/web\/wp-json\/wp\/v2\/types\/post"}],"author":[{"embeddable":true,"href":"http:\/\/www.perupesquero.org\/web\/wp-json\/wp\/v2\/users\/2"}],"replies":[{"embeddable":true,"href":"http:\/\/www.perupesquero.org\/web\/wp-json\/wp\/v2\/comments?post=3633"}],"version-history":[{"count":0,"href":"http:\/\/www.perupesquero.org\/web\/wp-json\/wp\/v2\/posts\/3633\/revisions"}],"wp:featuredmedia":[{"embeddable":true,"href":"http:\/\/www.perupesquero.org\/web\/wp-json\/wp\/v2\/media\/3634"}],"wp:attachment":[{"href":"http:\/\/www.perupesquero.org\/web\/wp-json\/wp\/v2\/media?parent=3633"}],"wp:term":[{"taxonomy":"category","embeddable":true,"href":"http:\/\/www.perupesquero.org\/web\/wp-json\/wp\/v2\/categories?post=3633"},{"taxonomy":"post_tag","embeddable":true,"href":"http:\/\/www.perupesquero.org\/web\/wp-json\/wp\/v2\/tags?post=3633"}],"curies":[{"name":"wp","href":"https:\/\/api.w.org\/{rel}","templated":true}]}}