{"id":3596,"date":"2015-02-28T16:09:52","date_gmt":"2015-02-28T21:09:52","guid":{"rendered":"http:\/\/www.perupesquero.org\/?p=3596"},"modified":"2015-02-28T16:09:52","modified_gmt":"2015-02-28T21:09:52","slug":"chile-pescadores-artesanales-de-talcahuano-acuerdan-iniciar-movilizaciones-por-cuotas-de-pesca","status":"publish","type":"post","link":"http:\/\/www.perupesquero.org\/web\/chile-pescadores-artesanales-de-talcahuano-acuerdan-iniciar-movilizaciones-por-cuotas-de-pesca\/","title":{"rendered":"CHILE &#8211; Pescadores artesanales de Talcahuano acuerdan iniciar movilizaciones por cuotas de Pesca"},"content":{"rendered":"<p style=\"text-align: justify;\">En Asamblea realizada esta ma\u00f1ana en Talcahuano, diversos gremios de la Pesca artesanal definieron el inicio de nuevas movilizaciones para exigir al gobierno se restablezcan los niveles de cuotas que se les entreg\u00f3 en los \u00faltimos a\u00f1os.<\/p>\n<p style=\"text-align: justify;\">El recurso Sardina y Anchoveta son unos de los que experimentaron una baja en la cuota global de captura este 2015. De acuerdo a lo resuelto por el comit\u00e9 cient\u00edfico se entregaron poco m\u00e1s de 320 mil toneladas y no ha habido hasta ahora se\u00f1ales de que se vaya a incrementar.<\/p>\n<p style=\"text-align: justify;\">La temporada de captura se inicia la pr\u00f3xima semana y hay preocupaci\u00f3n en caletas de la zona debido a la disminuci\u00f3n que esto significar\u00e1 tambi\u00e9n en sus ingresos. Seg\u00fan c\u00e1lculos de algunos tripulantes que se dedican a la captura de esta pesquer\u00eda, podr\u00edan llegar a ganar un mill\u00f3n y medio de pesos, muy por debajo de los ingresos que obten\u00edan en otras temporadas.<\/p>\n<p style=\"text-align: justify;\">Pescadores y armadores de diversas agrupaci\u00f3n se reunieron en Talcahuano esta ma\u00f1ana y acordaron salir a la calle nuevamente. Nelson Estrada, Presidente de la Federaci\u00f3n de Pescadores del Puerto dijo que el Gobierno est\u00e1 metiendo la mano en sus bolsillos.<\/p>\n<p style=\"text-align: justify;\">Seg\u00fan lo informado por la Subpesca, a las 00:00 horas del pr\u00f3ximo viernes 6 de marzo se abre la temporada de extracci\u00f3n de Sardina y Anchoveta. El Sector artesanal tendr\u00e1 la exclusividad de captura los primeros 10 d\u00edas y luego se incorpora el Sector industrial.<\/p>\n<p style=\"text-align: justify;\">La autoridad anunci\u00f3 que, consciente que la condici\u00f3n de los recursos es din\u00e1mica y sujeta a variaciones biol\u00f3gicas y ambientales, se encomend\u00f3 al IFOP monitorear la distribuci\u00f3n de tallas de la Anchoveta y la Sardina com\u00fan hasta la segunda semana de marzo.<\/p>\n<p style=\"text-align: justify;\">Sin embargo, los pescadores insisten en presionar al gobierno mediante una serie de protestas que iniciar\u00e1n esta misma semana.<\/p>\n","protected":false},"excerpt":{"rendered":"<p>En Asamblea realizada esta ma\u00f1ana en Talcahuano, diversos gremios de la Pesca artesanal definieron el inicio de nuevas movilizaciones para exigir al gobierno se restablezcan los niveles de cuotas que se les entreg\u00f3 en los \u00faltimos a\u00f1os. El recurso Sardina y Anchoveta son unos de los que experimentaron una baja en la cuota global de [&hellip;]<\/p>\n","protected":false},"author":2,"featured_media":3597,"comment_status":"open","ping_status":"open","sticky":false,"template":"","format":"standard","meta":{"footnotes":""},"categories":[77,63,67],"tags":[195,908],"class_list":["post-3596","post","type-post","status-publish","format-standard","has-post-thumbnail","hentry","category-internacionales","category-noticias","category-pesqueria","tag-anchoveta","tag-ifop"],"_links":{"self":[{"href":"http:\/\/www.perupesquero.org\/web\/wp-json\/wp\/v2\/posts\/3596","targetHints":{"allow":["GET"]}}],"collection":[{"href":"http:\/\/www.perupesquero.org\/web\/wp-json\/wp\/v2\/posts"}],"about":[{"href":"http:\/\/www.perupesquero.org\/web\/wp-json\/wp\/v2\/types\/post"}],"author":[{"embeddable":true,"href":"http:\/\/www.perupesquero.org\/web\/wp-json\/wp\/v2\/users\/2"}],"replies":[{"embeddable":true,"href":"http:\/\/www.perupesquero.org\/web\/wp-json\/wp\/v2\/comments?post=3596"}],"version-history":[{"count":0,"href":"http:\/\/www.perupesquero.org\/web\/wp-json\/wp\/v2\/posts\/3596\/revisions"}],"wp:featuredmedia":[{"embeddable":true,"href":"http:\/\/www.perupesquero.org\/web\/wp-json\/wp\/v2\/media\/3597"}],"wp:attachment":[{"href":"http:\/\/www.perupesquero.org\/web\/wp-json\/wp\/v2\/media?parent=3596"}],"wp:term":[{"taxonomy":"category","embeddable":true,"href":"http:\/\/www.perupesquero.org\/web\/wp-json\/wp\/v2\/categories?post=3596"},{"taxonomy":"post_tag","embeddable":true,"href":"http:\/\/www.perupesquero.org\/web\/wp-json\/wp\/v2\/tags?post=3596"}],"curies":[{"name":"wp","href":"https:\/\/api.w.org\/{rel}","templated":true}]}}