{"id":3589,"date":"2015-02-25T18:13:57","date_gmt":"2015-02-25T23:13:57","guid":{"rendered":"http:\/\/www.perupesquero.org\/?p=3589"},"modified":"2015-02-25T18:13:57","modified_gmt":"2015-02-25T23:13:57","slug":"lambayeque-capitania-afirma-que-muelle-de-puerto-eten-continuara-cerrado","status":"publish","type":"post","link":"http:\/\/www.perupesquero.org\/web\/lambayeque-capitania-afirma-que-muelle-de-puerto-eten-continuara-cerrado\/","title":{"rendered":"LAMBAYEQUE- Capitan\u00eda afirma que Muelle de Puerto Eten continuar\u00e1 cerrado"},"content":{"rendered":"<p style=\"text-align: justify;\">El Muelle de Puerto Eten, en la Regi\u00f3n Lambayeque, continuar\u00e1 cerrado por tiempo indefinido, precis\u00f3 el Jefe de la Capitan\u00eda Guardacosta Mar\u00edtima de Pimentel, Mirko Fortunic Guerrero.<\/p>\n<p style=\"text-align: justify;\">Manifest\u00f3 que hasta el momento el Municipio de Puerto Eten y el Gobierno regional no cumplen con levantar las observaciones planteadas por Defensa Civil, tras los da\u00f1os causados por los fuertes oleajes registrados en julio del a\u00f1o pasado.<\/p>\n<p style=\"text-align: justify;\"><em>&#8220;Las observaciones no se han levantado, por lo tanto el Muelle seguir\u00e1 cerrado. De una vez tenga el informe que avala las mejoras por parte de Defensa Civil y la municipalidad, evaluaremos y procederemos a levantar la clausura&#8221;<\/em>, enfatiz\u00f3.<\/p>\n<p style=\"text-align: justify;\">Fortunic se pronunci\u00f3 tras el pedido de reapertura que formul\u00f3 el Dirigente de los pescadores Francisco \u00d1iquen, al cumplirse siete meses del cierre de la instalaci\u00f3n acu\u00e1tica.<\/p>\n<p style=\"text-align: justify;\"><strong>FUENTE:<\/strong> Rpp.com.pe<\/p>\n","protected":false},"excerpt":{"rendered":"<p>El Muelle de Puerto Eten, en la Regi\u00f3n Lambayeque, continuar\u00e1 cerrado por tiempo indefinido, precis\u00f3 el Jefe de la Capitan\u00eda Guardacosta Mar\u00edtima de Pimentel, Mirko Fortunic Guerrero. Manifest\u00f3 que hasta el momento el Municipio de Puerto Eten y el Gobierno regional no cumplen con levantar las observaciones planteadas por Defensa Civil, tras los da\u00f1os causados [&hellip;]<\/p>\n","protected":false},"author":2,"featured_media":3590,"comment_status":"open","ping_status":"open","sticky":false,"template":"","format":"standard","meta":{"footnotes":""},"categories":[78,63,67],"tags":[1562],"class_list":["post-3589","post","type-post","status-publish","format-standard","has-post-thumbnail","hentry","category-nacionales","category-noticias","category-pesqueria","tag-puerto-eten"],"_links":{"self":[{"href":"http:\/\/www.perupesquero.org\/web\/wp-json\/wp\/v2\/posts\/3589","targetHints":{"allow":["GET"]}}],"collection":[{"href":"http:\/\/www.perupesquero.org\/web\/wp-json\/wp\/v2\/posts"}],"about":[{"href":"http:\/\/www.perupesquero.org\/web\/wp-json\/wp\/v2\/types\/post"}],"author":[{"embeddable":true,"href":"http:\/\/www.perupesquero.org\/web\/wp-json\/wp\/v2\/users\/2"}],"replies":[{"embeddable":true,"href":"http:\/\/www.perupesquero.org\/web\/wp-json\/wp\/v2\/comments?post=3589"}],"version-history":[{"count":0,"href":"http:\/\/www.perupesquero.org\/web\/wp-json\/wp\/v2\/posts\/3589\/revisions"}],"wp:featuredmedia":[{"embeddable":true,"href":"http:\/\/www.perupesquero.org\/web\/wp-json\/wp\/v2\/media\/3590"}],"wp:attachment":[{"href":"http:\/\/www.perupesquero.org\/web\/wp-json\/wp\/v2\/media?parent=3589"}],"wp:term":[{"taxonomy":"category","embeddable":true,"href":"http:\/\/www.perupesquero.org\/web\/wp-json\/wp\/v2\/categories?post=3589"},{"taxonomy":"post_tag","embeddable":true,"href":"http:\/\/www.perupesquero.org\/web\/wp-json\/wp\/v2\/tags?post=3589"}],"curies":[{"name":"wp","href":"https:\/\/api.w.org\/{rel}","templated":true}]}}