{"id":3562,"date":"2015-02-24T13:19:26","date_gmt":"2015-02-24T18:19:26","guid":{"rendered":"http:\/\/www.perupesquero.org\/?p=3562"},"modified":"2015-02-24T13:19:26","modified_gmt":"2015-02-24T18:19:26","slug":"itulares-del-mincetur-y-produce-participaran-de-foro-del-exportador-acuicola-y-pesquero","status":"publish","type":"post","link":"http:\/\/www.perupesquero.org\/web\/itulares-del-mincetur-y-produce-participaran-de-foro-del-exportador-acuicola-y-pesquero\/","title":{"rendered":"Titulares del Mincetur y Produce participar\u00e1n de Foro del Exportador Acu\u00edcola y Pesquero"},"content":{"rendered":"<p style=\"text-align: justify;\">Los Ministros de la Producci\u00f3n, Piero Ghezzi, y de Comercio Exterior y Turismo, Magali Silva, participar\u00e1n hoy del IV Foro del Exportador Acu\u00edcola y Pesquero, organizado por la Asociaci\u00f3n de Exportadores (ADEX) a fin de dar a conocer las pol\u00edticas actuales, las tendencias del mercado y las propuestas a futuro para el Sector Acu\u00edcola y Pesquero.<\/p>\n<p style=\"text-align: justify;\">En el certamen participar\u00e1n adem\u00e1s expertos internacionales que disertar\u00e1n sobre las oportunidades de la Acuicultura peruana en el mundo como Arni M. Mathiesen, Subdirector general del Departamento de Pesca y Acuicultura de la FAO y John Van Herwijnen,Consultor de CBI.<\/p>\n<p style=\"text-align: justify;\">Asimismo representantes de empresas como Pesquera Diamante y Acu\u00edcola Los Paiches.<\/p>\n<p style=\"text-align: justify;\">Tambi\u00e9n se har\u00e1n presentes el Viceministro de Pesquer\u00eda, Juan Carlos Requejo y el Viceministro de comercio exterior, Edgar V\u00e1squez.<\/p>\n<p style=\"text-align: justify;\">Cabe indicar que el foro tiene el patrocinio de Certificaciones del Per\u00fa S.A (CERPER) y el auspicio de la Sociedad Nacional de Pesquer\u00eda (SNP), el ministerio de la Producci\u00f3n (PRODUCE), el Grupo Verona y el Instituto Tecnol\u00f3gico de la Producci\u00f3n (ITP).<\/p>\n<p style=\"text-align: justify;\"><strong>FUENTE:<\/strong> Andina.com.pe<\/p>\n","protected":false},"excerpt":{"rendered":"<p>Los Ministros de la Producci\u00f3n, Piero Ghezzi, y de Comercio Exterior y Turismo, Magali Silva, participar\u00e1n hoy del IV Foro del Exportador Acu\u00edcola y Pesquero, organizado por la Asociaci\u00f3n de Exportadores (ADEX) a fin de dar a conocer las pol\u00edticas actuales, las tendencias del mercado y las propuestas a futuro para el Sector Acu\u00edcola y [&hellip;]<\/p>\n","protected":false},"author":2,"featured_media":3563,"comment_status":"open","ping_status":"open","sticky":false,"template":"","format":"standard","meta":{"footnotes":""},"categories":[78,63,67],"tags":[157,796,1308,1512,1715],"class_list":["post-3562","post","type-post","status-publish","format-standard","has-post-thumbnail","hentry","category-nacionales","category-noticias","category-pesqueria","tag-adex","tag-fao","tag-paiches","tag-produce","tag-snp"],"_links":{"self":[{"href":"http:\/\/www.perupesquero.org\/web\/wp-json\/wp\/v2\/posts\/3562","targetHints":{"allow":["GET"]}}],"collection":[{"href":"http:\/\/www.perupesquero.org\/web\/wp-json\/wp\/v2\/posts"}],"about":[{"href":"http:\/\/www.perupesquero.org\/web\/wp-json\/wp\/v2\/types\/post"}],"author":[{"embeddable":true,"href":"http:\/\/www.perupesquero.org\/web\/wp-json\/wp\/v2\/users\/2"}],"replies":[{"embeddable":true,"href":"http:\/\/www.perupesquero.org\/web\/wp-json\/wp\/v2\/comments?post=3562"}],"version-history":[{"count":0,"href":"http:\/\/www.perupesquero.org\/web\/wp-json\/wp\/v2\/posts\/3562\/revisions"}],"wp:featuredmedia":[{"embeddable":true,"href":"http:\/\/www.perupesquero.org\/web\/wp-json\/wp\/v2\/media\/3563"}],"wp:attachment":[{"href":"http:\/\/www.perupesquero.org\/web\/wp-json\/wp\/v2\/media?parent=3562"}],"wp:term":[{"taxonomy":"category","embeddable":true,"href":"http:\/\/www.perupesquero.org\/web\/wp-json\/wp\/v2\/categories?post=3562"},{"taxonomy":"post_tag","embeddable":true,"href":"http:\/\/www.perupesquero.org\/web\/wp-json\/wp\/v2\/tags?post=3562"}],"curies":[{"name":"wp","href":"https:\/\/api.w.org\/{rel}","templated":true}]}}