{"id":3558,"date":"2015-02-23T21:17:42","date_gmt":"2015-02-24T02:17:42","guid":{"rendered":"http:\/\/www.perupesquero.org\/?p=3558"},"modified":"2015-02-23T21:17:42","modified_gmt":"2015-02-24T02:17:42","slug":"la-union-europea-aprueba-las-reglas-para-aplicar-el-veto-a-los-descartes-pesqueros","status":"publish","type":"post","link":"http:\/\/www.perupesquero.org\/web\/la-union-europea-aprueba-las-reglas-para-aplicar-el-veto-a-los-descartes-pesqueros\/","title":{"rendered":"La Uni\u00f3n Europea aprueba las reglas para aplicar el veto a los descartes pesqueros"},"content":{"rendered":"<p><strong><del><\/del>El Consejo de la UE y el pleno de la Euroc\u00e1mara tendr\u00e1n que dar el visto bueno para que el acuerdo sea efectivo &#8211; La CE deber\u00e1 elaborar un informe anual de seguimiento.<\/strong><\/p>\n<p style=\"text-align: justify;\">El Consejo de la UE y el pleno de la Euroc\u00e1mara tendr\u00e1n que dar el visto bueno para que el acuerdo sea efectivo &#8211; La CE deber\u00e1 elaborar un informe anual de seguimiento.<\/p>\n<p style=\"text-align: justify;\"><strong>La normativa est\u00e1 vigente para las pesquer\u00edas pel\u00e1gicas desde el pasado 1 de enero.<\/strong><\/p>\n<p style=\"text-align: justify;\">La Uni\u00f3n Europea (UE) aprob\u00f3 ayer la normativa que permitir\u00e1 poner fin a los descartes pesqueros, la pr\u00e1ctica de devolver al mar las capturas no deseadas (vivas o no). La norma, conocida como reglamento \u00d3mnibus, tiene como objetivo combatir la sobrepesca y mejorar la situaci\u00f3n de las poblaciones de peces.<\/p>\n<p style=\"line-height: 13.5pt; margin: 0cm 0cm 11.25pt; text-align: justify;\"><span style=\"font-size: 11.0pt; background: white;\">Esta nueva exigencia de los Veintiocho ya est\u00e1 en vigor para las pesquer\u00edas pel\u00e1gicas (como la de anchoa o xarda) desde el pasado 1 de enero y se aplicar\u00e1 progresivamente en las m\u00e1s complicadas, como es el caso de las pesquer\u00edas mixtas de especies demersales (de fondo). Las reglas empezar\u00e1n a regir para estas flotas a principios de 2016.<\/span><\/p>\n<p>trav\u00e9s de sus embajadores ante la UE -el Comit\u00e9 de Representantes Permanentes (Coreper)-. Para que el acuerdo sea efectivo es necesaria todav\u00eda la ratificaci\u00f3n formal tanto del Consejo como del pleno del Parlamento Europeo, que se producir\u00e1 a partir de abril.<\/p>\n<p style=\"text-align: justify;\">La normativa, una de las mayores novedades de la Pol\u00edtica Pesquera Com\u00fan (PPC), contiene modificaciones a las actuales medidas t\u00e9cnicas y de control para hacer realidad el deber de llevar a tierra todas las capturas. La Comisi\u00f3n Europea tendr\u00e1 que elaborar un informe anual sobre la puesta en marcha de la obligaci\u00f3n de desembarque, creado a partir de la informaci\u00f3n que le transmitan los pa\u00edses miembros.<\/p>\n<p style=\"text-align: justify;\">La UE se comprometi\u00f3 adem\u00e1s a evitar el desarrollo de mercados paralelos de pescado inferior a la talla m\u00ednima y a encontrar una &#8220;soluci\u00f3n pragm\u00e1tica&#8221; para el almacenamiento de las capturas a bordo de los buques.<\/p>\n<p style=\"text-align: justify;\">Los armadores, por su parte, no estar\u00e1n obligados, como recog\u00eda la anterior PPC a llevar un diario de pesca en el que aparezca un listado con las cantidades de todas las especies que transporten, siempre y cuando las capturas sean superiores a 50 kilos (equivalentes en peso vivo).<\/p>\n<p style=\"text-align: justify;\"><strong>\u00a0FUENTE:\u00a0www.laopinioncoruna.es<\/strong><\/p>\n<p>&nbsp;<\/p>\n","protected":false},"excerpt":{"rendered":"<p>El Consejo de la UE y el pleno de la Euroc\u00e1mara tendr\u00e1n que dar el visto bueno para que el acuerdo sea efectivo &#8211; La CE deber\u00e1 elaborar un informe anual de seguimiento. El Consejo de la UE y el pleno de la Euroc\u00e1mara tendr\u00e1n que dar el visto bueno para que el acuerdo sea [&hellip;]<\/p>\n","protected":false},"author":2,"featured_media":3559,"comment_status":"open","ping_status":"open","sticky":false,"template":"","format":"standard","meta":{"footnotes":""},"categories":[77,78,63,67,69,72],"tags":[1027],"class_list":["post-3558","post","type-post","status-publish","format-standard","has-post-thumbnail","hentry","category-internacionales","category-nacionales","category-noticias","category-pesqueria","category-politica","category-regionales","tag-la-union-europea-aprueba-las-reglas-para-aplicar-el-veto-a-los-descartes-pesqueros"],"_links":{"self":[{"href":"http:\/\/www.perupesquero.org\/web\/wp-json\/wp\/v2\/posts\/3558","targetHints":{"allow":["GET"]}}],"collection":[{"href":"http:\/\/www.perupesquero.org\/web\/wp-json\/wp\/v2\/posts"}],"about":[{"href":"http:\/\/www.perupesquero.org\/web\/wp-json\/wp\/v2\/types\/post"}],"author":[{"embeddable":true,"href":"http:\/\/www.perupesquero.org\/web\/wp-json\/wp\/v2\/users\/2"}],"replies":[{"embeddable":true,"href":"http:\/\/www.perupesquero.org\/web\/wp-json\/wp\/v2\/comments?post=3558"}],"version-history":[{"count":0,"href":"http:\/\/www.perupesquero.org\/web\/wp-json\/wp\/v2\/posts\/3558\/revisions"}],"wp:featuredmedia":[{"embeddable":true,"href":"http:\/\/www.perupesquero.org\/web\/wp-json\/wp\/v2\/media\/3559"}],"wp:attachment":[{"href":"http:\/\/www.perupesquero.org\/web\/wp-json\/wp\/v2\/media?parent=3558"}],"wp:term":[{"taxonomy":"category","embeddable":true,"href":"http:\/\/www.perupesquero.org\/web\/wp-json\/wp\/v2\/categories?post=3558"},{"taxonomy":"post_tag","embeddable":true,"href":"http:\/\/www.perupesquero.org\/web\/wp-json\/wp\/v2\/tags?post=3558"}],"curies":[{"name":"wp","href":"https:\/\/api.w.org\/{rel}","templated":true}]}}