{"id":3540,"date":"2015-02-23T13:06:34","date_gmt":"2015-02-23T18:06:34","guid":{"rendered":"http:\/\/www.perupesquero.org\/?p=3540"},"modified":"2015-02-23T13:06:34","modified_gmt":"2015-02-23T18:06:34","slug":"el-escandalo-de-espionaje-que-amenaza-las-relaciones-entre-peru-y-chile","status":"publish","type":"post","link":"http:\/\/www.perupesquero.org\/web\/el-escandalo-de-espionaje-que-amenaza-las-relaciones-entre-peru-y-chile\/","title":{"rendered":"El esc\u00e1ndalo de espionaje que amenaza las relaciones entre Per\u00fa y Chile"},"content":{"rendered":"<p style=\"text-align: justify;\">Ante la noticia, los gobiernos de Per\u00fa y Chile repitieron el mantra de que la relaci\u00f3n entre ambos pa\u00edses pasa por un momento de fortalecimiento.<br \/>\n<em>&#8220;Ambos gobiernos est\u00e1n comprometidos con este proceso&#8221;<\/em>, dijo el Portavoz del Gobierno de Chile, \u00c1lvaro Elizalde.<br \/>\nTambi\u00e9n lo mencion\u00f3 el Presidente de Per\u00fa Ollanta Humala, aunque no asumi\u00f3 tan perenne el estado benigno del v\u00ednculo binacional:<em> &#8220;De darse una acusaci\u00f3n de esta naturaleza, es grav\u00edsimo para las relaciones bilaterales de Per\u00fa y Chile que hemos venido fortaleciendo&#8221;.<\/em><br \/>\n\u00bfLa acusaci\u00f3n? Que tres Suboficiales de la marina peruana espiaban para Chile.<br \/>\nLa informaci\u00f3n se ven\u00eda manteniendo en reserva, pero el mi\u00e9rcoles el canal Am\u00e9rica Televisi\u00f3n de Per\u00fa le quit\u00f3 el velo.<\/p>\n<p style=\"text-align: justify;\"><strong>Im\u00e1genes cifradas<\/strong><br \/>\nEl Gobierno decidi\u00f3 entonces salir a la arena p\u00fablica. Humala se reuni\u00f3 este jueves con el Consejo de Estado y l\u00edderes pol\u00edticos, como los expresidentes Alan Garc\u00eda y Alejandro Toledo.<\/p>\n<p style=\"text-align: justify;\"><em>&#8220;Exhortamos a la justicia militar para que act\u00fae con celeridad y si encuentra responsables aplique las penas establecidas con la m\u00e1xima severidad del caso&#8221;<\/em>, dijo en declaraciones a la prensa el Ministro de Defensa Pedro Cateriano.<br \/>\nDos de los marinos son acusados de infidencia y traici\u00f3n a la patria en tiempos de paz (delito que conlleva una pena de c\u00e1rcel no menor a 25 a\u00f1os) y el tercero de desobediencia, explic\u00f3 el Presidente de la Corte Militar Policial, Juan Pablo Ramos.<\/p>\n<p style=\"text-align: justify;\"><strong>M\u00e1s espionaje<\/strong><br \/>\nLa de esta semana es la segunda ola de titulares vinculados con esc\u00e1ndalos de espionaje en Per\u00fa en menos de 15 d\u00edas.<br \/>\nD\u00edas atr\u00e1s fue el anunci\u00f3 del cierre y reestructuraci\u00f3n de la Direcci\u00f3n Nacional de Inteligencia (DINI) por denuncias de espionaje a dirigentes opositores y altos funcionarios.<\/p>\n<p>La acusaci\u00f3n se basa en una serie de viajes al extranjero que, de acuerdo con las autoridades, los marinos no pod\u00edan sustentar econ\u00f3micamente.<br \/>\nSeg\u00fan medios locales, dos de los suboficiales explicaron que hab\u00edan aceptado una oferta de empresarios italianos para brindarles informaci\u00f3n acerca de la Pesca peruana.<br \/>\nPero seg\u00fan la acusaci\u00f3n, los hombres viajaron a Chile, Argentina, Brasil y Bolivia para reunirse con militares chilenos.<\/p>\n<p style=\"text-align: justify;\">Y, dijo Ramos, tambi\u00e9n est\u00e1n sospechados de haber enviado im\u00e1genes cifradas a sus contactos.<br \/>\nDesde Chile, el Portavoz del gobierno, Elizalde, dijo que <em>&#8220;no se ha recibido ninguna informaci\u00f3n oficial al respecto&#8221;<\/em> de las acusaciones.<\/p>\n<p><strong>Antecedentes<\/strong><br \/>\nNo es la primera vez que un Militar peruano enfrenta acusaciones de espiar para Chile.<br \/>\nEn 2010 un tribunal militar sentenci\u00f3 a 25 a\u00f1os de prisi\u00f3n y al pago de una multa de US$248.000 al Suboficial de la Fuerza A\u00e9rea V\u00edctor Ariza, acusado de enviar informaci\u00f3n confidencial al pa\u00eds vecino.<\/p>\n<p>Pero luego de que en enero de 2014 la corte de La Haya diera resoluci\u00f3n definitiva a una hist\u00f3rica disputa territorial entre ambos pa\u00edses, el v\u00ednculo parec\u00eda haber alcanzado un remanso.<br \/>\nEste nuevo caso de supuesto espionaje amenaza con volver a tensarlo.<\/p>\n<p style=\"text-align: justify;\"><strong>FUENTE:<\/strong> Bbc.co.uk<\/p>\n","protected":false},"excerpt":{"rendered":"<p>Ante la noticia, los gobiernos de Per\u00fa y Chile repitieron el mantra de que la relaci\u00f3n entre ambos pa\u00edses pasa por un momento de fortalecimiento. &#8220;Ambos gobiernos est\u00e1n comprometidos con este proceso&#8221;, dijo el Portavoz del Gobierno de Chile, \u00c1lvaro Elizalde. Tambi\u00e9n lo mencion\u00f3 el Presidente de Per\u00fa Ollanta Humala, aunque no asumi\u00f3 tan perenne [&hellip;]<\/p>\n","protected":false},"author":2,"featured_media":3541,"comment_status":"open","ping_status":"open","sticky":false,"template":"","format":"standard","meta":{"footnotes":""},"categories":[78,63,67],"tags":[1378],"class_list":["post-3540","post","type-post","status-publish","format-standard","has-post-thumbnail","hentry","category-nacionales","category-noticias","category-pesqueria","tag-pesca-peruana"],"_links":{"self":[{"href":"http:\/\/www.perupesquero.org\/web\/wp-json\/wp\/v2\/posts\/3540","targetHints":{"allow":["GET"]}}],"collection":[{"href":"http:\/\/www.perupesquero.org\/web\/wp-json\/wp\/v2\/posts"}],"about":[{"href":"http:\/\/www.perupesquero.org\/web\/wp-json\/wp\/v2\/types\/post"}],"author":[{"embeddable":true,"href":"http:\/\/www.perupesquero.org\/web\/wp-json\/wp\/v2\/users\/2"}],"replies":[{"embeddable":true,"href":"http:\/\/www.perupesquero.org\/web\/wp-json\/wp\/v2\/comments?post=3540"}],"version-history":[{"count":0,"href":"http:\/\/www.perupesquero.org\/web\/wp-json\/wp\/v2\/posts\/3540\/revisions"}],"wp:featuredmedia":[{"embeddable":true,"href":"http:\/\/www.perupesquero.org\/web\/wp-json\/wp\/v2\/media\/3541"}],"wp:attachment":[{"href":"http:\/\/www.perupesquero.org\/web\/wp-json\/wp\/v2\/media?parent=3540"}],"wp:term":[{"taxonomy":"category","embeddable":true,"href":"http:\/\/www.perupesquero.org\/web\/wp-json\/wp\/v2\/categories?post=3540"},{"taxonomy":"post_tag","embeddable":true,"href":"http:\/\/www.perupesquero.org\/web\/wp-json\/wp\/v2\/tags?post=3540"}],"curies":[{"name":"wp","href":"https:\/\/api.w.org\/{rel}","templated":true}]}}