{"id":3471,"date":"2015-02-16T21:11:49","date_gmt":"2015-02-17T02:11:49","guid":{"rendered":"http:\/\/www.perupesquero.org\/?p=3471"},"modified":"2015-02-16T21:11:49","modified_gmt":"2015-02-17T02:11:49","slug":"canada-confirma-primer-caso-de-vaca-loca","status":"publish","type":"post","link":"http:\/\/www.perupesquero.org\/web\/canada-confirma-primer-caso-de-vaca-loca\/","title":{"rendered":"Canad\u00e1 confirma primer caso de \u201cvaca loca\u201d"},"content":{"rendered":"<p>Las autoridades de Canad\u00e1 confirmaron este viernes un caso de \u201cvaca loca\u201d, aun cuando expresaron confianza en que las exportaciones de carne del pa\u00eds no se ver\u00e1n afectadas.<\/p>\n<p>La Agencia de Inspecci\u00f3n de Alimentos de Canad\u00e1 destac\u00f3 que la vaca infectada, localizada en Alberta, no fue procesada como alimento para consumo humano o animal.<\/p>\n<p>La vaca loca o encefalopat\u00eda espongiforme bovina (BSE, por sus siglas en ingl\u00e9s) es una enfermedad degenerativa del sistema nervioso central de los bovinos que se caracteriza por la aparici\u00f3n de s\u00edntomas nerviosos en los animales adultos que, progresivamente, finaliza con la muerte del animal.<\/p>\n<p>&nbsp;<\/p>\n<p><strong>V\u00eda BBC \/ www.diariorepublica.com<\/strong><\/p>\n<p>&nbsp;<\/p>\n","protected":false},"excerpt":{"rendered":"<p>Las autoridades de Canad\u00e1 confirmaron este viernes un caso de \u201cvaca loca\u201d, aun cuando expresaron confianza en que las exportaciones de carne del pa\u00eds no se ver\u00e1n afectadas. La Agencia de Inspecci\u00f3n de Alimentos de Canad\u00e1 destac\u00f3 que la vaca infectada, localizada en Alberta, no fue procesada como alimento para consumo humano o animal. La [&hellip;]<\/p>\n","protected":false},"author":2,"featured_media":3472,"comment_status":"open","ping_status":"open","sticky":false,"template":"","format":"standard","meta":{"footnotes":""},"categories":[77,78,63,67,69,72],"tags":[400],"class_list":["post-3471","post","type-post","status-publish","format-standard","has-post-thumbnail","hentry","category-internacionales","category-nacionales","category-noticias","category-pesqueria","category-politica","category-regionales","tag-canada-confirma-primer-caso-de-vaca-loca"],"_links":{"self":[{"href":"http:\/\/www.perupesquero.org\/web\/wp-json\/wp\/v2\/posts\/3471","targetHints":{"allow":["GET"]}}],"collection":[{"href":"http:\/\/www.perupesquero.org\/web\/wp-json\/wp\/v2\/posts"}],"about":[{"href":"http:\/\/www.perupesquero.org\/web\/wp-json\/wp\/v2\/types\/post"}],"author":[{"embeddable":true,"href":"http:\/\/www.perupesquero.org\/web\/wp-json\/wp\/v2\/users\/2"}],"replies":[{"embeddable":true,"href":"http:\/\/www.perupesquero.org\/web\/wp-json\/wp\/v2\/comments?post=3471"}],"version-history":[{"count":0,"href":"http:\/\/www.perupesquero.org\/web\/wp-json\/wp\/v2\/posts\/3471\/revisions"}],"wp:featuredmedia":[{"embeddable":true,"href":"http:\/\/www.perupesquero.org\/web\/wp-json\/wp\/v2\/media\/3472"}],"wp:attachment":[{"href":"http:\/\/www.perupesquero.org\/web\/wp-json\/wp\/v2\/media?parent=3471"}],"wp:term":[{"taxonomy":"category","embeddable":true,"href":"http:\/\/www.perupesquero.org\/web\/wp-json\/wp\/v2\/categories?post=3471"},{"taxonomy":"post_tag","embeddable":true,"href":"http:\/\/www.perupesquero.org\/web\/wp-json\/wp\/v2\/tags?post=3471"}],"curies":[{"name":"wp","href":"https:\/\/api.w.org\/{rel}","templated":true}]}}