{"id":3347,"date":"2015-02-05T11:59:37","date_gmt":"2015-02-05T16:59:37","guid":{"rendered":"http:\/\/www.perupesquero.org\/?p=3347"},"modified":"2015-02-05T11:59:37","modified_gmt":"2015-02-05T16:59:37","slug":"el-cerco-gallego-denuncia-que-solo-podra-faenar-cuatro-meses-por-falta-de-cuotas","status":"publish","type":"post","link":"http:\/\/www.perupesquero.org\/web\/el-cerco-gallego-denuncia-que-solo-podra-faenar-cuatro-meses-por-falta-de-cuotas\/","title":{"rendered":"El cerco gallego denuncia que s\u00f3lo podr\u00e1 faenar cuatro meses por falta de cuotas"},"content":{"rendered":"<p><strong>La Ministra de Agricultura accede a reunirse con el sector el pr\u00f3ximo lunes para escuchar sus demandas &#8211; La flota advierte de que su situaci\u00f3n es &#8220;insostenible&#8221;.<\/strong><\/p>\n<p>El cerco gallego denuncia que la falta de cuota de sus principales especies (Sardina, Jurel y Caballa) le permitir\u00e1 faenar &#8220;apenas&#8221; cuatro meses este a\u00f1o. As\u00ed lo recoge el escrito enviado por la Asociaci\u00f3n de Armadores de Cerco de Galicia (Acerga) a los europarlamentarios socialistas -y que remitir\u00e1n tambi\u00e9n a los populares-, en el que los armadores advierten de que la situaci\u00f3n de la flota es &#8220;insostenible&#8221; por la rebaja de cupos con respecto al pasado ejercicio.<\/p>\n<p>Los cerqueros de la comunidad sufrieron este a\u00f1o una rebaja del 50% en las posibilidades de pesca del Jurel en la zona VIIIc -desde el golfo de Vizcaya hasta Fisterra- y una reducci\u00f3n del 25,5% en la de Caballa. A estos descensos se suman las fuertes restricciones en la pesquer\u00eda de Sardina, inmersa en un plan de gesti\u00f3n conjunto con Portugal, que fija en 19.000 toneladas el cupo para ambos pa\u00edses.<\/p>\n<p>Precisamente, la Ministra de Agricultura, Isabel Garc\u00eda Tejerina, accedi\u00f3 ayer a mantener un encuentro el pr\u00f3ximo lunes -aprovechando su visita a Galicia- con los cerqueros gallegos, despu\u00e9s de que el sector le pidiese a finales de la semana una reuni\u00f3n para exponerle sus problemas. &#8220;Por fin tenemos una buena noticia. Ahora veremos si sirve para algo&#8221;, declar\u00f3 el representante de Acerga, Andr\u00e9s Garc\u00eda, que afirm\u00f3 no tener noticias; sin embargo, del Presidente de la Xunta, Alberto N\u00fa\u00f1ez Feij\u00f3o, al que la asociaci\u00f3n tambi\u00e9n solicit\u00f3 una reuni\u00f3n con el mismo objetivo.<\/p>\n<p>El tambi\u00e9n patr\u00f3n mayor de Sada afirm\u00f3 que abordar\u00e1n con la Ministra no s\u00f3lo las consecuencias derivadas de la rebaja de cupos, sino que tambi\u00e9n le trasladar\u00e1n su preocupaci\u00f3n por la presi\u00f3n inspectora que aseguran sufrir. &#8220;Las actas levantadas a muchos armadores, que acarrear\u00e1n expedientes de sanci\u00f3n, pueden provocar la ruina del sector&#8221;, afirm\u00f3 Garc\u00eda. &#8220;Queremos que nos dejen vivir. Si quieren que nuestra flota desaparezca, con las medidas que est\u00e1n tomando lo conseguir\u00e1n&#8221;, a\u00f1adi\u00f3.<\/p>\n<p>El cerco gallego reclama, desde hace a\u00f1os, que Bruselas incremente las cuotas de sus principales especies, que califica de &#8220;insuficientes&#8221;. &#8220;Un barco que tenga 5.000, 10.000 o 15.000 kilos de xarda, por ejemplo, \u00bfQu\u00e9 resultados va a tener? Casi captura m\u00e1s un pescador deportivo&#8221;, apunt\u00f3 Garc\u00eda, que solicita la ayuda de los europarlamentarios espa\u00f1oles para tratar de modificar el criterio de reparto de cupos en la Uni\u00f3n Europea (UE). &#8220;Necesitamos que en Europa trabaj\u00e9is para lograr un aumento de cuotas, ya sea variando el principio de estabilidad relativa [en relaci\u00f3n al tratado por el que la UE asigna a cada uno de los estados miembros un porcentaje fijo de las cuotas determinadas para cada una de las especies] o como sea, pero por este camino Galicia perder\u00e1 en poco tiempo la mayor parte de la flota de cerco&#8221;, recoge la misiva que Acerga envi\u00f3 a los socialistas, que tambi\u00e9n enviar\u00e1 al PP. No as\u00ed a los responsables de AGE y BNG, con los que mantuvo reuniones en las que ya les comunic\u00f3 su situaci\u00f3n.<\/p>\n<p>Precisamente, el eurodiputado socialista Jos\u00e9 Blanco reclam\u00f3 ayer m\u00e1s cuotas de pesca para el cerco.<\/p>\n<p>&nbsp;<\/p>\n","protected":false},"excerpt":{"rendered":"<p>La Ministra de Agricultura accede a reunirse con el sector el pr\u00f3ximo lunes para escuchar sus demandas &#8211; La flota advierte de que su situaci\u00f3n es &#8220;insostenible&#8221;. El cerco gallego denuncia que la falta de cuota de sus principales especies (Sardina, Jurel y Caballa) le permitir\u00e1 faenar &#8220;apenas&#8221; cuatro meses este a\u00f1o. As\u00ed lo recoge [&hellip;]<\/p>\n","protected":false},"author":2,"featured_media":3348,"comment_status":"open","ping_status":"open","sticky":false,"template":"","format":"standard","meta":{"footnotes":""},"categories":[77,78,63,67,69,72],"tags":[675],"class_list":["post-3347","post","type-post","status-publish","format-standard","has-post-thumbnail","hentry","category-internacionales","category-nacionales","category-noticias","category-pesqueria","category-politica","category-regionales","tag-el-cerco-gallego-denuncia-que-solo-podra-faenar-cuatro-meses-por-falta-de-cuotas"],"_links":{"self":[{"href":"http:\/\/www.perupesquero.org\/web\/wp-json\/wp\/v2\/posts\/3347","targetHints":{"allow":["GET"]}}],"collection":[{"href":"http:\/\/www.perupesquero.org\/web\/wp-json\/wp\/v2\/posts"}],"about":[{"href":"http:\/\/www.perupesquero.org\/web\/wp-json\/wp\/v2\/types\/post"}],"author":[{"embeddable":true,"href":"http:\/\/www.perupesquero.org\/web\/wp-json\/wp\/v2\/users\/2"}],"replies":[{"embeddable":true,"href":"http:\/\/www.perupesquero.org\/web\/wp-json\/wp\/v2\/comments?post=3347"}],"version-history":[{"count":0,"href":"http:\/\/www.perupesquero.org\/web\/wp-json\/wp\/v2\/posts\/3347\/revisions"}],"wp:featuredmedia":[{"embeddable":true,"href":"http:\/\/www.perupesquero.org\/web\/wp-json\/wp\/v2\/media\/3348"}],"wp:attachment":[{"href":"http:\/\/www.perupesquero.org\/web\/wp-json\/wp\/v2\/media?parent=3347"}],"wp:term":[{"taxonomy":"category","embeddable":true,"href":"http:\/\/www.perupesquero.org\/web\/wp-json\/wp\/v2\/categories?post=3347"},{"taxonomy":"post_tag","embeddable":true,"href":"http:\/\/www.perupesquero.org\/web\/wp-json\/wp\/v2\/tags?post=3347"}],"curies":[{"name":"wp","href":"https:\/\/api.w.org\/{rel}","templated":true}]}}