{"id":3346,"date":"2015-02-05T12:25:57","date_gmt":"2015-02-05T17:25:57","guid":{"rendered":"http:\/\/www.perupesquero.org\/?p=3346"},"modified":"2015-02-05T12:25:57","modified_gmt":"2015-02-05T17:25:57","slug":"espana-recapturan-en-malta-atun-rojo-marcado-en-2007-en-espana","status":"publish","type":"post","link":"http:\/\/www.perupesquero.org\/web\/espana-recapturan-en-malta-atun-rojo-marcado-en-2007-en-espana\/","title":{"rendered":"ESPA\u00d1A &#8211; Recapturan en Malta At\u00fan Rojo marcado en 2007 en Espa\u00f1a"},"content":{"rendered":"<p style=\"text-align: justify;\">Un At\u00fan rojo marcado en agosto de 2007 y liberado frente a la costa de Zarautz, en Gipuzkoa, fue recuperado ahora cerca de Malta, en el Mediterr\u00e1neo.<\/p>\n<p style=\"text-align: justify;\">La informaci\u00f3n recolectada en el marcador satelital que llevaba el Pez, colocado por t\u00e9cnicos del Centro Tecnol\u00f3gico Experto en Investigaci\u00f3n Marina y Alimentaria (AZTI-Tecnalia) hace m\u00e1s de siete a\u00f1os, indica que este At\u00fan cruz\u00f3 el Oc\u00e9ano Atl\u00e1ntico dos veces, para pasar el invierno en la costa estadounidense y el verano, en aguas europeas.<\/p>\n<p style=\"text-align: justify;\">Este hecho evidencia la existencia de dos stocks diferenciados de At\u00fan rojo del Atl\u00e1ntico: uno que se reproduce en el Mar Mediterr\u00e1neo y otro que lo hace en el Golfo de M\u00e9xico.<\/p>\n<p style=\"text-align: justify;\">De todos modos, los cient\u00edficos saben que ambos stocks se mezclan en aguas Atl\u00e1nticas, donde se alimentan.<\/p>\n<p style=\"text-align: justify;\">De los siete a\u00f1os y medio en los que el ejemplar vivi\u00f3 en libertad, la marca electr\u00f3nica que portaba recogi\u00f3 informaci\u00f3n durante m\u00e1s de cuatro a\u00f1os. Este lapso supone el mayor per\u00edodo registrado hasta ahora mediante una marca electr\u00f3nica en el estudio de juveniles.<\/p>\n<p style=\"text-align: justify;\">Los investigadores esperan que los datos obtenidos permitan conocer detalladamente su migraci\u00f3n.<\/p>\n<p style=\"text-align: justify;\">En el momento en que fue liberado, el At\u00fan ten\u00eda un poco m\u00e1s de un a\u00f1o de vida, pesaba m\u00e1s de cinco kilos y med\u00eda 65 cent\u00edmetros. Ahora, siete a\u00f1os y medio despu\u00e9s, mide 2 metros y pesa 160 kilos, inform\u00f3 AZTI.<\/p>\n<p style=\"text-align: justify;\">El T\u00fanido fue hallado en la granja marina ADJ Tuna, ubicada en Malta.<\/p>\n<p style=\"text-align: justify;\">En cuanto fue recapturado, una observadora de la Comisi\u00f3n Internacional para la Conservaci\u00f3n del At\u00fan Atl\u00e1ntico (ICCAT) procedi\u00f3 a recoger datos de la recaptura y de la marca electr\u00f3nica.<\/p>\n<p style=\"text-align: justify;\">Los cient\u00edficos recalcan que es la primera vez que se recupera un At\u00fan rojo juvenil que ha permanecido en libertad m\u00e1s de siete a\u00f1os con la marca en su interior, y que haya sido liberado en el Atl\u00e1ntico o mares adyacentes.<\/p>\n<p style=\"text-align: justify;\"><strong>FUENTE:<\/strong> Fis.com<\/p>\n","protected":false},"excerpt":{"rendered":"<p>Un At\u00fan rojo marcado en agosto de 2007 y liberado frente a la costa de Zarautz, en Gipuzkoa, fue recuperado ahora cerca de Malta, en el Mediterr\u00e1neo. La informaci\u00f3n recolectada en el marcador satelital que llevaba el Pez, colocado por t\u00e9cnicos del Centro Tecnol\u00f3gico Experto en Investigaci\u00f3n Marina y Alimentaria (AZTI-Tecnalia) hace m\u00e1s de siete [&hellip;]<\/p>\n","protected":false},"author":2,"featured_media":3350,"comment_status":"open","ping_status":"open","sticky":false,"template":"","format":"standard","meta":{"footnotes":""},"categories":[77,63],"tags":[260,1248],"class_list":["post-3346","post","type-post","status-publish","format-standard","has-post-thumbnail","hentry","category-internacionales","category-noticias","tag-atun-rojo","tag-oceano-atlantico"],"_links":{"self":[{"href":"http:\/\/www.perupesquero.org\/web\/wp-json\/wp\/v2\/posts\/3346","targetHints":{"allow":["GET"]}}],"collection":[{"href":"http:\/\/www.perupesquero.org\/web\/wp-json\/wp\/v2\/posts"}],"about":[{"href":"http:\/\/www.perupesquero.org\/web\/wp-json\/wp\/v2\/types\/post"}],"author":[{"embeddable":true,"href":"http:\/\/www.perupesquero.org\/web\/wp-json\/wp\/v2\/users\/2"}],"replies":[{"embeddable":true,"href":"http:\/\/www.perupesquero.org\/web\/wp-json\/wp\/v2\/comments?post=3346"}],"version-history":[{"count":0,"href":"http:\/\/www.perupesquero.org\/web\/wp-json\/wp\/v2\/posts\/3346\/revisions"}],"wp:featuredmedia":[{"embeddable":true,"href":"http:\/\/www.perupesquero.org\/web\/wp-json\/wp\/v2\/media\/3350"}],"wp:attachment":[{"href":"http:\/\/www.perupesquero.org\/web\/wp-json\/wp\/v2\/media?parent=3346"}],"wp:term":[{"taxonomy":"category","embeddable":true,"href":"http:\/\/www.perupesquero.org\/web\/wp-json\/wp\/v2\/categories?post=3346"},{"taxonomy":"post_tag","embeddable":true,"href":"http:\/\/www.perupesquero.org\/web\/wp-json\/wp\/v2\/tags?post=3346"}],"curies":[{"name":"wp","href":"https:\/\/api.w.org\/{rel}","templated":true}]}}