{"id":3333,"date":"2015-02-04T23:10:25","date_gmt":"2015-02-05T04:10:25","guid":{"rendered":"http:\/\/www.perupesquero.org\/?p=3333"},"modified":"2015-02-04T23:10:25","modified_gmt":"2015-02-05T04:10:25","slug":"produce-anchoveta-en-10-anos-decaera-y-reaparecera-sardina","status":"publish","type":"post","link":"http:\/\/www.perupesquero.org\/web\/produce-anchoveta-en-10-anos-decaera-y-reaparecera-sardina\/","title":{"rendered":"Produce: \u201cAnchoveta en 10 a\u00f1os decaer\u00e1 y reaparecer\u00e1 Sardina\u201d"},"content":{"rendered":"<p style=\"text-align: justify;\">Produce intenta ganarle a la naturaleza?. En el 2025, al entrar el Mar peruano en una fase c\u00e1lida, originar\u00e1 que los vol\u00famenes de Anchoveta de caigan; empero, reaparecer\u00eda la Sardina, as\u00ed lo sustenta el asesor ministerial Blgo. Marco Espino, afirmando a la vez que en los primeros cincos a\u00f1os se sentir\u00e1n los efectos de ese cambio de r\u00e9gimen de fr\u00edo a c\u00e1lido, que ocurre cada 20 o 30 a\u00f1os.<\/p>\n<p style=\"text-align: justify;\"><a href=\"http:\/\/www.perupesquero.org\/wp-content\/uploads\/2015\/02\/marco-2.jpg\"><img loading=\"lazy\" decoding=\"async\" class=\"alignnone size-medium wp-image-3335\" src=\"http:\/\/www.perupesquero.org\/wp-content\/uploads\/2015\/02\/marco-2-300x168.jpg\" alt=\"marco 2\" width=\"300\" height=\"168\" \/><\/a><\/p>\n<p style=\"text-align: justify;\">De otro lado, el funcionario indic\u00f3 que adem\u00e1s de la Sardina \u2013hoy desaparecida\u2013, habr\u00e1 una gran incidencia de Jurel, Caballa y Merluza, especies que se relacionan a condiciones clim\u00e1ticas c\u00e1lidas, esta declaraci\u00f3n se desprende tras la presentaci\u00f3n de su informe en la <a href=\"http:\/\/elcomercio.pe\/noticias\/snp-311829?ref=nota_economia&amp;ft=contenido\">Sociedad Nacional de Pesquer\u00eda<\/a>, SNP.<\/p>\n","protected":false},"excerpt":{"rendered":"<p>Produce intenta ganarle a la naturaleza?. En el 2025, al entrar el Mar peruano en una fase c\u00e1lida, originar\u00e1 que los vol\u00famenes de Anchoveta de caigan; empero, reaparecer\u00eda la Sardina, as\u00ed lo sustenta el asesor ministerial Blgo. Marco Espino, afirmando a la vez que en los primeros cincos a\u00f1os se sentir\u00e1n los efectos de ese [&hellip;]<\/p>\n","protected":false},"author":2,"featured_media":3334,"comment_status":"open","ping_status":"open","sticky":false,"template":"","format":"standard","meta":{"footnotes":""},"categories":[77,78,63,67,69,72],"tags":[1529],"class_list":["post-3333","post","type-post","status-publish","format-standard","has-post-thumbnail","hentry","category-internacionales","category-nacionales","category-noticias","category-pesqueria","category-politica","category-regionales","tag-produce-anchoveta-en-10-anos-decaera-y-reaparecera-sardina"],"_links":{"self":[{"href":"http:\/\/www.perupesquero.org\/web\/wp-json\/wp\/v2\/posts\/3333","targetHints":{"allow":["GET"]}}],"collection":[{"href":"http:\/\/www.perupesquero.org\/web\/wp-json\/wp\/v2\/posts"}],"about":[{"href":"http:\/\/www.perupesquero.org\/web\/wp-json\/wp\/v2\/types\/post"}],"author":[{"embeddable":true,"href":"http:\/\/www.perupesquero.org\/web\/wp-json\/wp\/v2\/users\/2"}],"replies":[{"embeddable":true,"href":"http:\/\/www.perupesquero.org\/web\/wp-json\/wp\/v2\/comments?post=3333"}],"version-history":[{"count":0,"href":"http:\/\/www.perupesquero.org\/web\/wp-json\/wp\/v2\/posts\/3333\/revisions"}],"wp:featuredmedia":[{"embeddable":true,"href":"http:\/\/www.perupesquero.org\/web\/wp-json\/wp\/v2\/media\/3334"}],"wp:attachment":[{"href":"http:\/\/www.perupesquero.org\/web\/wp-json\/wp\/v2\/media?parent=3333"}],"wp:term":[{"taxonomy":"category","embeddable":true,"href":"http:\/\/www.perupesquero.org\/web\/wp-json\/wp\/v2\/categories?post=3333"},{"taxonomy":"post_tag","embeddable":true,"href":"http:\/\/www.perupesquero.org\/web\/wp-json\/wp\/v2\/tags?post=3333"}],"curies":[{"name":"wp","href":"https:\/\/api.w.org\/{rel}","templated":true}]}}