{"id":3316,"date":"2015-02-04T17:14:57","date_gmt":"2015-02-04T22:14:57","guid":{"rendered":"http:\/\/www.perupesquero.org\/?p=3316"},"modified":"2015-02-04T17:14:57","modified_gmt":"2015-02-04T22:14:57","slug":"espana-pescadores-de-artes-varias-comenzaran-a-pescar-caballa-a-mediados-de-febrero","status":"publish","type":"post","link":"http:\/\/www.perupesquero.org\/web\/espana-pescadores-de-artes-varias-comenzaran-a-pescar-caballa-a-mediados-de-febrero\/","title":{"rendered":"ESPA\u00d1A &#8211; Pescadores de artes varias comenzar\u00e1n a pescar Caballa a mediados de febrero"},"content":{"rendered":"<p>El Ministerio de Agricultura, Alimentaci\u00f3n y Medio Ambiente (Magrama) decidi\u00f3 fijar el 16 de febrero como fecha de inicio de la costera de Caballa para la flota de artes varias (distintas al cerco y al arrastre).<\/p>\n<p>La fecha establecida es intermedia entre la que solicitaban los pescadores vascos -2 de febrero- y los marineros gallegos -fines de marzo-.<\/p>\n<p>La Federaci\u00f3n de Cofrad\u00edas de Pescadores de Galicia, por ejemplo, hab\u00eda planteado que la Pesca comenzara el 23 de marzo.<\/p>\n<p>Tom\u00e1s Fajardo, Presidente de las cofrad\u00edas gallegas, argument\u00f3 que cuanto antes se abra la pesquer\u00eda, menos Caballa llegar\u00e1 a las costas de Galicia. Y si esto sucede, las embarcaciones gallegas tendr\u00e1n que desplazarse a aguas del Cant\u00e1brico, caladero al que solo pueden llegar los buques m\u00e1s grandes.<\/p>\n<p><em>&#8220;Me temo que esta \u00faltima fecha ser\u00e1 la definitiva&#8221;<\/em>, dijo el Dirigente al diario Faro de Vigo.<\/p>\n<p>La propuesta oficial no satisface al Gobierno vasco, que manifest\u00f3 estar &#8220;indignado&#8221; con el retraso de la pesquer\u00eda del peque\u00f1o pel\u00e1gico.<\/p>\n<p>Las autoridades vascas sostienen que la demora perjudica a los pescadores locales &#8220;seriamente&#8221; por la presencia limitada de la caballa en sus aguas. Adem\u00e1s, hacen hincapi\u00e9 en que los pescadores franceses ya iniciaron la actividad.<\/p>\n<p>El Gobierno del Pa\u00eds Vasco califica de &#8220;incomprensible&#8221; la decisi\u00f3n del Magrama, porque &#8220;carece completamente de criterios objetivos&#8221;.<\/p>\n<p>Adem\u00e1s, destaca que la pesquer\u00eda de Caballa es de &#8220;vital importancia&#8221; para la flota vasca y para la econom\u00eda de las localidades costeras.<\/p>\n<p>Desde el Sector pesquero, el Presidente de la Federaci\u00f3n de Cofrad\u00edas de Gipuzkoa, Eugenio Elduayen, calific\u00f3 de &#8220;burla&#8221; que el Ministerio haya decidido retrasar la apertura de la pesquer\u00eda de caballa con artes menores.<\/p>\n<p>El Dirigente dijo no entender por qu\u00e9 &#8220;hay que retrasarlo si la cuota est\u00e1 ya repartida por comunidades&#8221;, inform\u00f3 el diario El Pa\u00eds.<\/p>\n<p><strong>FUENTE:<\/strong> Fis.com<\/p>\n","protected":false},"excerpt":{"rendered":"<p>El Ministerio de Agricultura, Alimentaci\u00f3n y Medio Ambiente (Magrama) decidi\u00f3 fijar el 16 de febrero como fecha de inicio de la costera de Caballa para la flota de artes varias (distintas al cerco y al arrastre). La fecha establecida es intermedia entre la que solicitaban los pescadores vascos -2 de febrero- y los marineros gallegos [&hellip;]<\/p>\n","protected":false},"author":2,"featured_media":3317,"comment_status":"open","ping_status":"open","sticky":false,"template":"","format":"standard","meta":{"footnotes":""},"categories":[77,63],"tags":[629,745],"class_list":["post-3316","post","type-post","status-publish","format-standard","has-post-thumbnail","hentry","category-internacionales","category-noticias","tag-desparecidos","tag-espana"],"_links":{"self":[{"href":"http:\/\/www.perupesquero.org\/web\/wp-json\/wp\/v2\/posts\/3316","targetHints":{"allow":["GET"]}}],"collection":[{"href":"http:\/\/www.perupesquero.org\/web\/wp-json\/wp\/v2\/posts"}],"about":[{"href":"http:\/\/www.perupesquero.org\/web\/wp-json\/wp\/v2\/types\/post"}],"author":[{"embeddable":true,"href":"http:\/\/www.perupesquero.org\/web\/wp-json\/wp\/v2\/users\/2"}],"replies":[{"embeddable":true,"href":"http:\/\/www.perupesquero.org\/web\/wp-json\/wp\/v2\/comments?post=3316"}],"version-history":[{"count":0,"href":"http:\/\/www.perupesquero.org\/web\/wp-json\/wp\/v2\/posts\/3316\/revisions"}],"wp:featuredmedia":[{"embeddable":true,"href":"http:\/\/www.perupesquero.org\/web\/wp-json\/wp\/v2\/media\/3317"}],"wp:attachment":[{"href":"http:\/\/www.perupesquero.org\/web\/wp-json\/wp\/v2\/media?parent=3316"}],"wp:term":[{"taxonomy":"category","embeddable":true,"href":"http:\/\/www.perupesquero.org\/web\/wp-json\/wp\/v2\/categories?post=3316"},{"taxonomy":"post_tag","embeddable":true,"href":"http:\/\/www.perupesquero.org\/web\/wp-json\/wp\/v2\/tags?post=3316"}],"curies":[{"name":"wp","href":"https:\/\/api.w.org\/{rel}","templated":true}]}}