{"id":3306,"date":"2015-02-03T11:44:21","date_gmt":"2015-02-03T16:44:21","guid":{"rendered":"http:\/\/www.perupesquero.org\/?p=3306"},"modified":"2015-02-03T11:44:21","modified_gmt":"2015-02-03T16:44:21","slug":"chile-otorgan-medidas-de-apoyo-a-pescadores-artesanales-afectados-por-terremoto-de-abril-pasado","status":"publish","type":"post","link":"http:\/\/www.perupesquero.org\/web\/chile-otorgan-medidas-de-apoyo-a-pescadores-artesanales-afectados-por-terremoto-de-abril-pasado\/","title":{"rendered":"CHILE &#8211; Otorgan medidas de apoyo a Pescadores Artesanales afectados por terremoto de abril pasado"},"content":{"rendered":"<p style=\"text-align: justify;\">La ley N\u00b020.745 \u2012ingresada por el Ejecutivo el 8 de abril pasado con discusi\u00f3n inmediata\u2012 contempl\u00f3 normas especiales para el \u00e1rea de cat\u00e1strofe en relaci\u00f3n a no considerar la paralizaci\u00f3n de actividades en la que hayan incurrido los Pescadores Artesanales y sus embarcaciones durante los a\u00f1os 2014 y 2015, siempre que hayan operado al menos el 2012 o 2013, para los efectos de la Ley N\u00ba 18.892, General de Pesca y Acuicultura (LGPA).<\/p>\n<p style=\"text-align: justify;\">La normativa permiti\u00f3 que los Pescadores Artesanales de las Regiones de Arica y Parinacota y Tarapac\u00e1 retomaran sus labores que se vieron afectadas tras el terremoto de 8,2 Richter y el maremoto posterior que afect\u00f3 a dicha zona el d\u00eda 1 de abril.<\/p>\n<p style=\"text-align: justify;\">El movimiento tel\u00farico provoc\u00f3 serios da\u00f1os en la infraestructura pesquera, particularmente, en las embarcaciones del Sector Pesquero Artesanal, ante lo cual, el Gobierno present\u00f3 este texto legal que tambi\u00e9n busc\u00f3 que los derechos de este sector econ\u00f3mico no resultaran perjudicados por la suspensi\u00f3n de las operaciones que ejerc\u00edan de manera continua.<\/p>\n<p style=\"text-align: justify;\">Asimismo, autoriz\u00f3 a los armadores artesanales inscritos en las referidas regiones, cuyas embarcaciones estaban siniestradas, a que operen con naves que no sean de su propiedad por el plazo de dos a\u00f1os a contar de la entrada en vigencia de la presente ley.<\/p>\n<p style=\"text-align: justify;\"><em>\u201cLa normativa previno que, en caso que la embarcaci\u00f3n se encontrara inscrita en el Registro Pesquero Artesanal a nombre de otro armador, el armador no propietario deber\u00eda practicar una reposici\u00f3n transitoria de la embarcaci\u00f3n siniestrada en cuyo caso deb\u00eda inscribir ante el Servicio Nacional de Pesca y Acuicultura (SERNAPESCA) el t\u00edtulo, cualquiera sea \u00e9ste, en virtud del cual detentar\u00e1 la tenencia de la misma, quedando suspendida, durante la vigencia del respectivo t\u00edtulo, la inscripci\u00f3n del armador propietario respecto de la embarcaci\u00f3n que no operar\u00e1\u201d<\/em>, destaca la normativa.<\/p>\n<p style=\"text-align: justify;\">Adem\u00e1s, las embarcaciones solo pod\u00edan corresponder a aquellas de igual o menor clase y encontrarse inscritas en el Registro de Naves a cargo de la autoridad mar\u00edtima, contar con certificado de navegabilidad vigente y estar en condiciones operativas para efectuar faenas extractivas conforme las exigencias establecidas por la citada autoridad.<\/p>\n<p style=\"text-align: justify;\">Adem\u00e1s, al vencer el plazo de dos a\u00f1os, la autorizaci\u00f3n que esta ley fij\u00f3 quedar\u00e1 sin efecto, pudiendo el armador operar en adelante solo con una embarcaci\u00f3n de su propiedad, sea esta la originalmente inscrita o una diferente, en virtud de una solicitud de sustituci\u00f3n.<\/p>\n<p style=\"text-align: justify;\"><strong>FUENTE:<\/strong> Aqua.cl<\/p>\n","protected":false},"excerpt":{"rendered":"<p>La ley N\u00b020.745 \u2012ingresada por el Ejecutivo el 8 de abril pasado con discusi\u00f3n inmediata\u2012 contempl\u00f3 normas especiales para el \u00e1rea de cat\u00e1strofe en relaci\u00f3n a no considerar la paralizaci\u00f3n de actividades en la que hayan incurrido los Pescadores Artesanales y sus embarcaciones durante los a\u00f1os 2014 y 2015, siempre que hayan operado al menos [&hellip;]<\/p>\n","protected":false},"author":2,"featured_media":3307,"comment_status":"open","ping_status":"open","sticky":false,"template":"","format":"standard","meta":{"footnotes":""},"categories":[1],"tags":[1395,1691],"class_list":["post-3306","post","type-post","status-publish","format-standard","has-post-thumbnail","hentry","category-sin-categoria","tag-pescadores-artesanales","tag-sernapesca"],"_links":{"self":[{"href":"http:\/\/www.perupesquero.org\/web\/wp-json\/wp\/v2\/posts\/3306","targetHints":{"allow":["GET"]}}],"collection":[{"href":"http:\/\/www.perupesquero.org\/web\/wp-json\/wp\/v2\/posts"}],"about":[{"href":"http:\/\/www.perupesquero.org\/web\/wp-json\/wp\/v2\/types\/post"}],"author":[{"embeddable":true,"href":"http:\/\/www.perupesquero.org\/web\/wp-json\/wp\/v2\/users\/2"}],"replies":[{"embeddable":true,"href":"http:\/\/www.perupesquero.org\/web\/wp-json\/wp\/v2\/comments?post=3306"}],"version-history":[{"count":0,"href":"http:\/\/www.perupesquero.org\/web\/wp-json\/wp\/v2\/posts\/3306\/revisions"}],"wp:featuredmedia":[{"embeddable":true,"href":"http:\/\/www.perupesquero.org\/web\/wp-json\/wp\/v2\/media\/3307"}],"wp:attachment":[{"href":"http:\/\/www.perupesquero.org\/web\/wp-json\/wp\/v2\/media?parent=3306"}],"wp:term":[{"taxonomy":"category","embeddable":true,"href":"http:\/\/www.perupesquero.org\/web\/wp-json\/wp\/v2\/categories?post=3306"},{"taxonomy":"post_tag","embeddable":true,"href":"http:\/\/www.perupesquero.org\/web\/wp-json\/wp\/v2\/tags?post=3306"}],"curies":[{"name":"wp","href":"https:\/\/api.w.org\/{rel}","templated":true}]}}