{"id":32812,"date":"2026-05-01T18:58:46","date_gmt":"2026-05-01T23:58:46","guid":{"rendered":"https:\/\/www.perupesquero.org\/web\/?p=32812"},"modified":"2026-05-01T19:01:37","modified_gmt":"2026-05-02T00:01:37","slug":"calentamiento-del-mar-pierde-fuerza-frente-a-peru-y-enfria-la-llegada-de-el-nino","status":"publish","type":"post","link":"http:\/\/www.perupesquero.org\/web\/calentamiento-del-mar-pierde-fuerza-frente-a-peru-y-enfria-la-llegada-de-el-nino\/","title":{"rendered":"Calentamiento del mar pierde fuerza frente a Per\u00fa y enfr\u00eda la llegada de El Ni\u00f1o"},"content":{"rendered":"<p>El oc\u00e9ano Pac\u00edfico frente a las costas de Per\u00fa y Ecuador, espec\u00edficamente en la Regi\u00f3n Ni\u00f1o 1+2, ha mostrado un cambio reciente en su evoluci\u00f3n t\u00e9rmica. <a href=\"https:\/\/www.cpc.ncep.noaa.gov\/data\/indices\/wksst9120.for\">Desde la semana del 11 de marzo, la temperatura superficial del mar (TSM) alcanz\u00f3 un m\u00e1ximo a 28 \u00b0C<\/a>, con anomal\u00edas (SSTA) de hasta <strong data-start=\"305\" data-end=\"316\">+<\/strong>1,4 \u00b0C. Sin embargo, en las semanas posteriores se ha observado un leve descenso, situ\u00e1ndose la anomal\u00eda en <strong data-start=\"422\" data-end=\"448\">+<\/strong>0,9 \u00b0C al 27 de abril, seg\u00fan el <a href=\"https:\/\/www.cpc.ncep.noaa.gov\/products\/analysis_monitoring\/lanina\/enso_evolution-status-fcsts-web.pdf\">bolet\u00edn m\u00e1s reciente de la NOAA<\/a>. Este comportamiento indica que, si bien persiste el calentamiento, su intensidad se ha moderado.<\/p>\n<p data-start=\"623\" data-end=\"1198\">En este contexto, se evidencia una brecha importante entre las proyecciones de los modelos clim\u00e1ticos y las observaciones reales. Mientras se proyecta para mayo anomal\u00edas de hasta <strong data-start=\"817\" data-end=\"828\">+<\/strong>2,0 \u00b0C, estos valores a\u00fan no se reflejan en el oc\u00e9ano Pacifico, donde seg\u00fan los datos observados apenas alcanzan <strong data-start=\"920\" data-end=\"931\">+<\/strong>0,9 \u00b0C, generando un desfase aproximado de <strong data-start=\"968\" data-end=\"979\">+<\/strong>1,1 \u00b0C. Esta diferencia sugiere que los an\u00e1lisis podr\u00edan estar sobreestimando el calentamiento costero, en un escenario influido por din\u00e1micas regionales que no siempre son captadas con precisi\u00f3n por los modelos internacionales.<\/p>\n<p data-start=\"1200\" data-end=\"1715\">Este panorama se ve reforzado por las proyecciones del modelo clim\u00e1tico CFSv2, que anticipan anomal\u00edas incluso superiores a <strong data-start=\"1328\" data-end=\"1339\">+<\/strong>2,5 \u00b0C en los pr\u00f3ximos meses. No obstante, pese a estas previsiones, dichos valores a\u00fan no se observan en la realidad. Si bien el avance de las ondas Kelvin en el Pac\u00edfico ecuatorial favorece escenarios de calentamiento, el reciente fortalecimiento de los vientos alisios frente a la costa peruana ha limitado, por ahora, un incremento m\u00e1s pronunciado de la temperatura del mar.<\/p>\n<p data-start=\"1717\" data-end=\"2127\">Por otro lado, el indicador clave para determinar la presencia de un evento de El Ni\u00f1o global es la regi\u00f3n Ni\u00f1o 3.4, donde el calor se acumula en la columna de agua. Actualmente, la anomal\u00eda en esta \u00e1rea es de apenas +0,2 \u00b0C, valor que a\u00fan se mantiene dentro del rango neutral. Para declarar oficialmente un evento El Ni\u00f1o, esta anomal\u00eda debe superar los +0,5 \u00b0C durante varios meses consecutivos y estar acompa\u00f1ada de cambios consistentes en la atm\u00f3sfera.<\/p>\n<p data-start=\"2129\" data-end=\"2627\" data-is-last-node=\"\" data-is-only-node=\"\">Asimismo, otros indicadores muestran se\u00f1ales mixtas. La Regi\u00f3n Ni\u00f1o 4 presenta valores cercanos a <strong data-start=\"2251\" data-end=\"2262\">+<\/strong>0,5 \u00b0C, lo que sugiere que el calentamiento comienza a extenderse hacia el oeste del Pac\u00edfico, un patr\u00f3n t\u00edpico de fases iniciales de eventos c\u00e1lidos. En paralelo, los registros confirman que el evento de La Ni\u00f1a que predomin\u00f3 entre 2024 y 2026 est\u00e1 perdiendo intensidad, dando paso a condiciones m\u00e1s neutrales e incluso ligeramente c\u00e1lidas.<\/p>\n<p>En s\u00edntesis, aunque el oc\u00e9ano Pac\u00edfico mantiene se\u00f1ales de calentamiento, estas a\u00fan no son suficientes para confirmar un evento de El Ni\u00f1o, ya que la intensidad observada es moderada y no coincide plenamente con las proyecciones m\u00e1s altas; por ello, el sistema se encuentra en una fase de transici\u00f3n y su evoluci\u00f3n depender\u00e1 de si el calentamiento logra consolidarse en las pr\u00f3ximas semanas, por lo que cualquier alerta debe basarse en datos observados y no solo en estimaciones modeladas.<\/p>\n","protected":false},"excerpt":{"rendered":"<p>El oc\u00e9ano Pac\u00edfico frente a las costas de Per\u00fa y Ecuador, espec\u00edficamente en la Regi\u00f3n Ni\u00f1o 1+2, ha mostrado un cambio reciente en su evoluci\u00f3n t\u00e9rmica. Desde la semana del 11 de marzo, la temperatura superficial del mar (TSM) alcanz\u00f3 un m\u00e1ximo a 28 \u00b0C, con anomal\u00edas (SSTA) de hasta +1,4 \u00b0C. Sin embargo, en [&hellip;]<\/p>\n","protected":false},"author":2,"featured_media":32813,"comment_status":"open","ping_status":"open","sticky":false,"template":"","format":"standard","meta":{"footnotes":""},"categories":[63],"tags":[],"class_list":["post-32812","post","type-post","status-publish","format-standard","has-post-thumbnail","hentry","category-noticias"],"_links":{"self":[{"href":"http:\/\/www.perupesquero.org\/web\/wp-json\/wp\/v2\/posts\/32812","targetHints":{"allow":["GET"]}}],"collection":[{"href":"http:\/\/www.perupesquero.org\/web\/wp-json\/wp\/v2\/posts"}],"about":[{"href":"http:\/\/www.perupesquero.org\/web\/wp-json\/wp\/v2\/types\/post"}],"author":[{"embeddable":true,"href":"http:\/\/www.perupesquero.org\/web\/wp-json\/wp\/v2\/users\/2"}],"replies":[{"embeddable":true,"href":"http:\/\/www.perupesquero.org\/web\/wp-json\/wp\/v2\/comments?post=32812"}],"version-history":[{"count":3,"href":"http:\/\/www.perupesquero.org\/web\/wp-json\/wp\/v2\/posts\/32812\/revisions"}],"predecessor-version":[{"id":32816,"href":"http:\/\/www.perupesquero.org\/web\/wp-json\/wp\/v2\/posts\/32812\/revisions\/32816"}],"wp:featuredmedia":[{"embeddable":true,"href":"http:\/\/www.perupesquero.org\/web\/wp-json\/wp\/v2\/media\/32813"}],"wp:attachment":[{"href":"http:\/\/www.perupesquero.org\/web\/wp-json\/wp\/v2\/media?parent=32812"}],"wp:term":[{"taxonomy":"category","embeddable":true,"href":"http:\/\/www.perupesquero.org\/web\/wp-json\/wp\/v2\/categories?post=32812"},{"taxonomy":"post_tag","embeddable":true,"href":"http:\/\/www.perupesquero.org\/web\/wp-json\/wp\/v2\/tags?post=32812"}],"curies":[{"name":"wp","href":"https:\/\/api.w.org\/{rel}","templated":true}]}}