{"id":32797,"date":"2026-04-29T19:10:20","date_gmt":"2026-04-30T00:10:20","guid":{"rendered":"https:\/\/www.perupesquero.org\/web\/?p=32797"},"modified":"2026-04-29T19:11:15","modified_gmt":"2026-04-30T00:11:15","slug":"espana-actualiza-la-normativa-para-la-pesca-del-atun-rojo-con-mas-cuota-y-nuevas-oportunidades-para-el-sector","status":"publish","type":"post","link":"http:\/\/www.perupesquero.org\/web\/espana-actualiza-la-normativa-para-la-pesca-del-atun-rojo-con-mas-cuota-y-nuevas-oportunidades-para-el-sector\/","title":{"rendered":"Espa\u00f1a actualiza la normativa para la pesca del at\u00fan rojo con m\u00e1s cuota y nuevas oportunidades para el sector"},"content":{"rendered":"<p>El Gobierno de Espa\u00f1a aprob\u00f3 este martes una nueva regulaci\u00f3n para la pesca del at\u00fan rojo, introduciendo cambios al marco vigente establecido por el Real Decreto 46\/2019. La medida responde tanto al incremento de la cuota asignada al pa\u00eds como a la necesidad de adaptar la gesti\u00f3n de esta pesquer\u00eda a las actuales din\u00e1micas del sector.<\/p>\n<p>La decisi\u00f3n fue adoptada durante la sesi\u00f3n del Consejo de Ministros, en l\u00ednea con los compromisos internacionales asumidos por Espa\u00f1a ante la Comisi\u00f3n Internacional para la Conservaci\u00f3n del At\u00fan Atl\u00e1ntico, organismo encargado de regular la explotaci\u00f3n de esta especie en el Atl\u00e1ntico y el Mediterr\u00e1neo.<\/p>\n<p>M\u00e1s cuota para los pr\u00f3ximos tres a\u00f1os<\/p>\n<p>Uno de los puntos centrales de la nueva normativa es el aumento significativo de la cuota de captura. Espa\u00f1a dispondr\u00e1 de un total de 7.938,81 toneladas de at\u00fan rojo para el periodo 2026-2028, lo que representa un incremento de 1.155 toneladas respecto al a\u00f1o anterior. Este aumento responde a los acuerdos alcanzados en la \u00faltima reuni\u00f3n anual de ICCAT, celebrada en Sevilla.<\/p>\n<p>El at\u00fan rojo, una de las especies m\u00e1s valoradas en la gastronom\u00eda internacional, se consolida, as\u00ed como un recurso estrat\u00e9gico para la econom\u00eda pesquera, especialmente en regiones costeras con fuerte tradici\u00f3n extractiva.<\/p>\n<p>Nuevos beneficiarios y redistribuci\u00f3n de cuotas<\/p>\n<p>La normativa introduce cambios relevantes en la distribuci\u00f3n de las posibilidades de pesca. Por un lado, se incrementa la cuota para los buques y grupos ya contemplados en la regulaci\u00f3n anterior. Por otro, se incorporan nuevas flotas que podr\u00e1n acceder a capturas fortuitas en zonas como el Mediterr\u00e1neo, el Cant\u00e1brico y el golfo de C\u00e1diz.<\/p>\n<p>Esta ampliaci\u00f3n incluye a embarcaciones con puerto base en localidades como Algeciras, Barbate, Conil, La L\u00ednea de la Concepci\u00f3n y Tarifa, con el objetivo de dinamizar la econom\u00eda local. En total, 5.406 embarcaciones se ver\u00e1n beneficiadas, accediendo a algo m\u00e1s del 3 % de la cuota total.<\/p>\n<p>Adem\u00e1s, la flota de artes menores del Mediterr\u00e1neo experimenta un aumento significativo: pasa de 305 a 409 embarcaciones autorizadas, garantizando a cada una condici\u00f3n de acceso similares a las establecidas en 2019. Asimismo, las flotas del Estrecho ser\u00e1n reorganizadas en un \u00fanico grupo para mejorar la gesti\u00f3n.<\/p>\n<p>Regulaci\u00f3n de granjas y mayor flexibilidad<\/p>\n<p>Otro de los aspectos clave de la nueva normativa es la regulaci\u00f3n espec\u00edfica de las granjas de cr\u00eda de at\u00fan rojo. El decreto establece un registro oficial para estas instalaciones, reforzando los mecanismos de control y trazabilidad del recurso.<\/p>\n<p>La norma tambi\u00e9n incorpora herramientas de gesti\u00f3n m\u00e1s flexibles, alineadas con la Ley de Pesca Sostenible e Investigaci\u00f3n Pesquera de 2023. Entre ellas destacan la posibilidad de transferir cuotas entre a\u00f1os, la gesti\u00f3n de excedentes no utilizados y la implementaci\u00f3n de mecanismos para optimizar el uso de las cuotas disponibles.<\/p>\n<p>Un impulso con retos de sostenibilidad<\/p>\n<p>Si bien el incremento de cuota representa una oportunidad para el sector, expertos advierten que su aprovechamiento deber\u00e1 ir acompa\u00f1ado de una gesti\u00f3n responsable que garantice la sostenibilidad del recurso a largo plazo.<\/p>\n<p>La nueva normativa busca precisamente equilibrar ambos objetivos: potenciar la rentabilidad econ\u00f3mica de la pesca del at\u00fan rojo y asegurar la conservaci\u00f3n de una especie clave en los ecosistemas marinos.<\/p>\n<p>&nbsp;<\/p>\n<p>&nbsp;<\/p>\n","protected":false},"excerpt":{"rendered":"<p>El Gobierno de Espa\u00f1a aprob\u00f3 este martes una nueva regulaci\u00f3n para la pesca del at\u00fan rojo, introduciendo cambios al marco vigente establecido por el Real Decreto 46\/2019. La medida responde tanto al incremento de la cuota asignada al pa\u00eds como a la necesidad de adaptar la gesti\u00f3n de esta pesquer\u00eda a las actuales din\u00e1micas del [&hellip;]<\/p>\n","protected":false},"author":2,"featured_media":32798,"comment_status":"open","ping_status":"open","sticky":false,"template":"","format":"standard","meta":{"footnotes":""},"categories":[63],"tags":[],"class_list":["post-32797","post","type-post","status-publish","format-standard","has-post-thumbnail","hentry","category-noticias"],"_links":{"self":[{"href":"http:\/\/www.perupesquero.org\/web\/wp-json\/wp\/v2\/posts\/32797","targetHints":{"allow":["GET"]}}],"collection":[{"href":"http:\/\/www.perupesquero.org\/web\/wp-json\/wp\/v2\/posts"}],"about":[{"href":"http:\/\/www.perupesquero.org\/web\/wp-json\/wp\/v2\/types\/post"}],"author":[{"embeddable":true,"href":"http:\/\/www.perupesquero.org\/web\/wp-json\/wp\/v2\/users\/2"}],"replies":[{"embeddable":true,"href":"http:\/\/www.perupesquero.org\/web\/wp-json\/wp\/v2\/comments?post=32797"}],"version-history":[{"count":1,"href":"http:\/\/www.perupesquero.org\/web\/wp-json\/wp\/v2\/posts\/32797\/revisions"}],"predecessor-version":[{"id":32799,"href":"http:\/\/www.perupesquero.org\/web\/wp-json\/wp\/v2\/posts\/32797\/revisions\/32799"}],"wp:featuredmedia":[{"embeddable":true,"href":"http:\/\/www.perupesquero.org\/web\/wp-json\/wp\/v2\/media\/32798"}],"wp:attachment":[{"href":"http:\/\/www.perupesquero.org\/web\/wp-json\/wp\/v2\/media?parent=32797"}],"wp:term":[{"taxonomy":"category","embeddable":true,"href":"http:\/\/www.perupesquero.org\/web\/wp-json\/wp\/v2\/categories?post=32797"},{"taxonomy":"post_tag","embeddable":true,"href":"http:\/\/www.perupesquero.org\/web\/wp-json\/wp\/v2\/tags?post=32797"}],"curies":[{"name":"wp","href":"https:\/\/api.w.org\/{rel}","templated":true}]}}