{"id":32479,"date":"2026-03-13T14:29:15","date_gmt":"2026-03-13T19:29:15","guid":{"rendered":"https:\/\/www.perupesquero.org\/web\/?p=32479"},"modified":"2026-03-13T14:31:06","modified_gmt":"2026-03-13T19:31:06","slug":"noaa-advierte-transicion-climatica-la-nina-se-debilita-y-el-nino-podria-surgir-en-el-invierno-de-2026-aunque-su-intensidad-es-incierta","status":"publish","type":"post","link":"http:\/\/www.perupesquero.org\/web\/noaa-advierte-transicion-climatica-la-nina-se-debilita-y-el-nino-podria-surgir-en-el-invierno-de-2026-aunque-su-intensidad-es-incierta\/","title":{"rendered":"NOAA advierte transici\u00f3n clim\u00e1tica: La Ni\u00f1a se debilita y El Ni\u00f1o podr\u00eda surgir en el invierno de 2026, aunque su intensidad es incierta"},"content":{"rendered":"<p>El sistema clim\u00e1tico del Pac\u00edfico atraviesa una fase de transici\u00f3n. <a href=\"https:\/\/www.cpc.ncep.noaa.gov\/products\/analysis_monitoring\/enso_advisory\/ensodisc_Sp.shtml\">De acuerdo con el reciente reporte del sistema de alerta del El Ni\u00f1o\u2013Oscilaci\u00f3n del Sur, se espera que las condiciones de La Ni\u00f1a evolucionen hacia un estado neutral durante los pr\u00f3ximos meses, mientras que hacia la segunda mitad de 2026 podr\u00eda desarrollarse El Ni\u00f1o,<\/a> cuando en el Per\u00fa se encuentre en invierno y cuya intensidad a\u00fan es incierta.<\/p>\n<p>Seg\u00fan el informe elaborado por la National Oceanic and Atmospheric Administration y el National Weather Service, La Ni\u00f1a se mantuvo durante todo febrero de 2026. En ese periodo, las temperaturas de la superficie del mar se mantuvieron por debajo del promedio en el Pac\u00edfico ecuatorial centro-oriental. De hecho, el \u00edndice de la Regi\u00f3n Ni\u00f1o 3.4 registr\u00f3 un valor semanal de -0.5 \u00b0C, mientras que las regiones Ni\u00f1o 4 y Ni\u00f1o 1+2 mostraron anomal\u00edas de -0.2 \u00b0C y +0.6 \u00b0C, respectivamente.<\/p>\n<p>Asimismo, los cient\u00edficos observaron que las temperaturas subsuperficiales del oc\u00e9ano han comenzado a aumentar, lo que indica la presencia de una mayor cantidad de calor bajo la superficie del Pac\u00edfico. Paralelamente, se registraron vientos del este en niveles bajos y vientos del oeste en niveles altos, una configuraci\u00f3n atmosf\u00e9rica todav\u00eda consistente con las condiciones de La Ni\u00f1a.<\/p>\n<p>Por otro lado, la actividad convectiva -es decir, la formaci\u00f3n de nubes y lluvias- se mantuvo reducida cerca de la L\u00ednea Internacional de Cambio de Fecha, mientras que se intensific\u00f3 sobre Indonesia. En conjunto, estos factores confirman que el sistema oc\u00e9ano-atm\u00f3sfera todav\u00eda conserva rasgos asociados a La Ni\u00f1a, aunque con se\u00f1ales de debilitamiento.<\/p>\n<p>No obstante, las proyecciones clim\u00e1ticas apuntan a un cambio gradual. Los modelos del North American Multi Model Ensemble, que incluyen el Climate Forecast System Version 2, indican que las condiciones neutrales del ENSO podr\u00edan dominar entre mayo y julio de 2026, con una probabilidad cercana al 55 %. Posteriormente, entre junio y agosto, la probabilidad de desarrollo de El Ni\u00f1o aumenta hasta 62 %, lo que sugiere un posible cambio de fase en el Pac\u00edfico tropical.<\/p>\n<p>Sin embargo, los especialistas advierten que la intensidad del posible evento a\u00fan es incierta. Aunque existe una probabilidad aproximada de uno en tres de que El Ni\u00f1o alcance una categor\u00eda fuerte hacia octubre-diciembre de 2026, cuando el \u00edndice Ni\u00f1o 3.4 superar\u00eda +1.5 \u00b0C, la evoluci\u00f3n final depender\u00e1 de la din\u00e1mica del oc\u00e9ano y de los vientos alisios en los pr\u00f3ximos meses.<\/p>\n<p>Finalmente, las instituciones clim\u00e1ticas se\u00f1alaron que el monitoreo continuar\u00e1 de forma permanente. La pr\u00f3xima actualizaci\u00f3n del diagn\u00f3stico sobre ENSO est\u00e1 prevista para el 9 de abril de 2026, fecha en la que se evaluar\u00e1n nuevamente las condiciones del oc\u00e9ano y la atm\u00f3sfera en el Pac\u00edfico.<\/p>\n<p>&nbsp;<\/p>\n<p>&nbsp;<\/p>\n","protected":false},"excerpt":{"rendered":"<p>El sistema clim\u00e1tico del Pac\u00edfico atraviesa una fase de transici\u00f3n. De acuerdo con el reciente reporte del sistema de alerta del El Ni\u00f1o\u2013Oscilaci\u00f3n del Sur, se espera que las condiciones de La Ni\u00f1a evolucionen hacia un estado neutral durante los pr\u00f3ximos meses, mientras que hacia la segunda mitad de 2026 podr\u00eda desarrollarse El Ni\u00f1o, cuando [&hellip;]<\/p>\n","protected":false},"author":2,"featured_media":32480,"comment_status":"open","ping_status":"open","sticky":false,"template":"","format":"standard","meta":{"footnotes":""},"categories":[63],"tags":[],"class_list":["post-32479","post","type-post","status-publish","format-standard","has-post-thumbnail","hentry","category-noticias"],"_links":{"self":[{"href":"http:\/\/www.perupesquero.org\/web\/wp-json\/wp\/v2\/posts\/32479","targetHints":{"allow":["GET"]}}],"collection":[{"href":"http:\/\/www.perupesquero.org\/web\/wp-json\/wp\/v2\/posts"}],"about":[{"href":"http:\/\/www.perupesquero.org\/web\/wp-json\/wp\/v2\/types\/post"}],"author":[{"embeddable":true,"href":"http:\/\/www.perupesquero.org\/web\/wp-json\/wp\/v2\/users\/2"}],"replies":[{"embeddable":true,"href":"http:\/\/www.perupesquero.org\/web\/wp-json\/wp\/v2\/comments?post=32479"}],"version-history":[{"count":2,"href":"http:\/\/www.perupesquero.org\/web\/wp-json\/wp\/v2\/posts\/32479\/revisions"}],"predecessor-version":[{"id":32482,"href":"http:\/\/www.perupesquero.org\/web\/wp-json\/wp\/v2\/posts\/32479\/revisions\/32482"}],"wp:featuredmedia":[{"embeddable":true,"href":"http:\/\/www.perupesquero.org\/web\/wp-json\/wp\/v2\/media\/32480"}],"wp:attachment":[{"href":"http:\/\/www.perupesquero.org\/web\/wp-json\/wp\/v2\/media?parent=32479"}],"wp:term":[{"taxonomy":"category","embeddable":true,"href":"http:\/\/www.perupesquero.org\/web\/wp-json\/wp\/v2\/categories?post=32479"},{"taxonomy":"post_tag","embeddable":true,"href":"http:\/\/www.perupesquero.org\/web\/wp-json\/wp\/v2\/tags?post=32479"}],"curies":[{"name":"wp","href":"https:\/\/api.w.org\/{rel}","templated":true}]}}