{"id":32457,"date":"2026-03-11T10:57:49","date_gmt":"2026-03-11T15:57:49","guid":{"rendered":"https:\/\/www.perupesquero.org\/web\/?p=32457"},"modified":"2026-03-11T10:58:02","modified_gmt":"2026-03-11T15:58:02","slug":"egresada-de-biologia-en-acuicultura-de-la-uns-es-condecorada-por-su-aporte-a-la-conservacion-ambiental-en-ucayali","status":"publish","type":"post","link":"http:\/\/www.perupesquero.org\/web\/egresada-de-biologia-en-acuicultura-de-la-uns-es-condecorada-por-su-aporte-a-la-conservacion-ambiental-en-ucayali\/","title":{"rendered":"Egresada de biolog\u00eda en acuicultura de la UNS es condecorada por su aporte a la conservaci\u00f3n ambiental en Ucayali"},"content":{"rendered":"<p>Flor de Mar\u00eda Rodr\u00edguez V\u00e1squez, egresada de la Escuela Profesional de Biolog\u00eda en Acuicultura de la Universidad Nacional del Santa (UNS), fue reconocida por su destacada labor en la protecci\u00f3n del medio ambiente y la conservaci\u00f3n de la biodiversidad en la regi\u00f3n Ucayali.<\/p>\n<p>La distinci\u00f3n fue otorgada por el Gobierno Regional de Ucayali durante la ceremonia \u201cXIX Condecoraci\u00f3n Orden de M\u00e9rito de la Mujer Ucayalina 2026\u201d, un evento que reconoce el trabajo de mujeres que contribuyen al desarrollo social, educativo y ambiental de esta regi\u00f3n amaz\u00f3nica.<\/p>\n<p>Actualmente, Rodr\u00edguez V\u00e1squez se desempe\u00f1a como docente en el Colegio de Alto Rendimiento (COAR) de Ucayali, donde promueve estrategias educativas orientadas a fortalecer la conciencia ambiental, el pensamiento cr\u00edtico y el compromiso de los estudiantes con la conservaci\u00f3n de su entorno. Su trabajo combina la formaci\u00f3n acad\u00e9mica con experiencias reales vinculadas a la protecci\u00f3n de la biodiversidad de la Amazon\u00eda.<\/p>\n<p>Adem\u00e1s, Flor de Mar\u00eda participa como voluntaria en la organizaci\u00f3n Sociedad Ambiental para la Sostenibilidad (SAS), en el distrito de Caller\u00eda, Pucallpa, desde donde impulsa iniciativas que fomentan el cuidado del ambiente y la participaci\u00f3n ciudadana en acciones de sostenibilidad.<\/p>\n<p>El reconocimiento a su trayectoria refleja el impacto que los profesionales formados en la UNS Santa vienen generando en distintas regiones del pa\u00eds, aportando desde su conocimiento al desarrollo sostenible y a la conservaci\u00f3n de los ecosistemas.<\/p>\n<p>&nbsp;<\/p>\n","protected":false},"excerpt":{"rendered":"<p>Flor de Mar\u00eda Rodr\u00edguez V\u00e1squez, egresada de la Escuela Profesional de Biolog\u00eda en Acuicultura de la Universidad Nacional del Santa (UNS), fue reconocida por su destacada labor en la protecci\u00f3n del medio ambiente y la conservaci\u00f3n de la biodiversidad en la regi\u00f3n Ucayali. La distinci\u00f3n fue otorgada por el Gobierno Regional de Ucayali durante la [&hellip;]<\/p>\n","protected":false},"author":2,"featured_media":32458,"comment_status":"open","ping_status":"open","sticky":false,"template":"","format":"standard","meta":{"footnotes":""},"categories":[63],"tags":[],"class_list":["post-32457","post","type-post","status-publish","format-standard","has-post-thumbnail","hentry","category-noticias"],"_links":{"self":[{"href":"http:\/\/www.perupesquero.org\/web\/wp-json\/wp\/v2\/posts\/32457","targetHints":{"allow":["GET"]}}],"collection":[{"href":"http:\/\/www.perupesquero.org\/web\/wp-json\/wp\/v2\/posts"}],"about":[{"href":"http:\/\/www.perupesquero.org\/web\/wp-json\/wp\/v2\/types\/post"}],"author":[{"embeddable":true,"href":"http:\/\/www.perupesquero.org\/web\/wp-json\/wp\/v2\/users\/2"}],"replies":[{"embeddable":true,"href":"http:\/\/www.perupesquero.org\/web\/wp-json\/wp\/v2\/comments?post=32457"}],"version-history":[{"count":1,"href":"http:\/\/www.perupesquero.org\/web\/wp-json\/wp\/v2\/posts\/32457\/revisions"}],"predecessor-version":[{"id":32459,"href":"http:\/\/www.perupesquero.org\/web\/wp-json\/wp\/v2\/posts\/32457\/revisions\/32459"}],"wp:featuredmedia":[{"embeddable":true,"href":"http:\/\/www.perupesquero.org\/web\/wp-json\/wp\/v2\/media\/32458"}],"wp:attachment":[{"href":"http:\/\/www.perupesquero.org\/web\/wp-json\/wp\/v2\/media?parent=32457"}],"wp:term":[{"taxonomy":"category","embeddable":true,"href":"http:\/\/www.perupesquero.org\/web\/wp-json\/wp\/v2\/categories?post=32457"},{"taxonomy":"post_tag","embeddable":true,"href":"http:\/\/www.perupesquero.org\/web\/wp-json\/wp\/v2\/tags?post=32457"}],"curies":[{"name":"wp","href":"https:\/\/api.w.org\/{rel}","templated":true}]}}