{"id":32302,"date":"2026-02-04T16:08:08","date_gmt":"2026-02-04T21:08:08","guid":{"rendered":"https:\/\/www.perupesquero.org\/web\/?p=32302"},"modified":"2026-02-04T16:24:04","modified_gmt":"2026-02-04T21:24:04","slug":"pescadores-artesanales-de-arequipa-moquegua-y-tacna-exigen-la-renuncia-del-ministro-de-la-produccion-y-del-viceministro-de-pesqueria","status":"publish","type":"post","link":"http:\/\/www.perupesquero.org\/web\/pescadores-artesanales-de-arequipa-moquegua-y-tacna-exigen-la-renuncia-del-ministro-de-la-produccion-y-del-viceministro-de-pesqueria\/","title":{"rendered":"Pescadores artesanales de Arequipa, Moquegua y Tacna exigen la renuncia del ministro de la Producci\u00f3n y del viceministro de Pesquer\u00eda"},"content":{"rendered":"<p>Las organizaciones de pescadores artesanales de Arequipa, Moquegua y Tacna agremiados a la Macrorregi\u00f3n sur advierten que la deficiente gesti\u00f3n de las autoridades del Ministerio de la Producci\u00f3n pone en riesgo el sustento de miles de familias y la sostenibilidad de los recursos hidrobiol\u00f3gicos. No descartan acciones de protesta coordinadas.<\/p>\n<p>Mediante un pronunciamiento dirigido al ministro C\u00e9sar Manuel Quispe Luj\u00e1n, los gremios del sector informaron su decisi\u00f3n de no participar en la reuni\u00f3n convocada para ma\u00f1ana 5 de febrero, al considerar que no existen condiciones m\u00ednimas para un di\u00e1logo real, t\u00e9cnico y transparente frente a los reiterados cuestionamientos al ordenamiento pesquero.<\/p>\n<p>Los pescadores se\u00f1alan que, en los \u00faltimos meses, se han adoptado decisiones que consideran contrarias a la responsabilidad del Estado, denunciando regulaciones arbitrarias en especies clave para la pesca artesanal, como el perico, la pota, el bonito y el jurel. A ello se suma la autorizaci\u00f3n para el ingreso de nuevas embarcaciones, lo que estar\u00eda incrementando peligrosamente la presi\u00f3n sobre los recursos marinos.<\/p>\n<p>El pronunciamiento tambi\u00e9n alerta sobre el retraso en la aplicaci\u00f3n de la Ley N.\u00b0 31749 y la permisividad frente a la captura de anchoveta juvenil en grandes vol\u00famenes por parte de flotas industriales, situaci\u00f3n que, advierten, compromete seriamente la sostenibilidad del recurso hidrobiol\u00f3gico y el futuro de la pesca artesanal en el sur del Per\u00fa.<\/p>\n<p>Las organizaciones de Arequipa, Moquegua y Tacna recalcaron que los armadores y tripulantes artesanales cumplen con las disposiciones vigentes y precisaron que su postura no busca generar desorden, sino exigir reglas claras, equidad y un manejo responsable de los recursos marinos.<\/p>\n<p>Finalmente, en el documento las organizaciones exigen la renuncia del ministro de la Producci\u00f3n y del viceministro de Pesquer\u00eda, a quienes responsabilizan por la actual situaci\u00f3n del sector. Asimismo, las bases artesanales informaron que se mantienen en estado de alerta permanente y no descartan iniciar acciones colectivas de presi\u00f3n en defensa de su trabajo y del mar.<\/p>\n","protected":false},"excerpt":{"rendered":"<p>Las organizaciones de pescadores artesanales de Arequipa, Moquegua y Tacna agremiados a la Macrorregi\u00f3n sur advierten que la deficiente gesti\u00f3n de las autoridades del Ministerio de la Producci\u00f3n pone en riesgo el sustento de miles de familias y la sostenibilidad de los recursos hidrobiol\u00f3gicos. No descartan acciones de protesta coordinadas. Mediante un pronunciamiento dirigido al [&hellip;]<\/p>\n","protected":false},"author":2,"featured_media":32303,"comment_status":"open","ping_status":"open","sticky":false,"template":"","format":"standard","meta":{"footnotes":""},"categories":[63],"tags":[],"class_list":["post-32302","post","type-post","status-publish","format-standard","has-post-thumbnail","hentry","category-noticias"],"_links":{"self":[{"href":"http:\/\/www.perupesquero.org\/web\/wp-json\/wp\/v2\/posts\/32302","targetHints":{"allow":["GET"]}}],"collection":[{"href":"http:\/\/www.perupesquero.org\/web\/wp-json\/wp\/v2\/posts"}],"about":[{"href":"http:\/\/www.perupesquero.org\/web\/wp-json\/wp\/v2\/types\/post"}],"author":[{"embeddable":true,"href":"http:\/\/www.perupesquero.org\/web\/wp-json\/wp\/v2\/users\/2"}],"replies":[{"embeddable":true,"href":"http:\/\/www.perupesquero.org\/web\/wp-json\/wp\/v2\/comments?post=32302"}],"version-history":[{"count":1,"href":"http:\/\/www.perupesquero.org\/web\/wp-json\/wp\/v2\/posts\/32302\/revisions"}],"predecessor-version":[{"id":32304,"href":"http:\/\/www.perupesquero.org\/web\/wp-json\/wp\/v2\/posts\/32302\/revisions\/32304"}],"wp:featuredmedia":[{"embeddable":true,"href":"http:\/\/www.perupesquero.org\/web\/wp-json\/wp\/v2\/media\/32303"}],"wp:attachment":[{"href":"http:\/\/www.perupesquero.org\/web\/wp-json\/wp\/v2\/media?parent=32302"}],"wp:term":[{"taxonomy":"category","embeddable":true,"href":"http:\/\/www.perupesquero.org\/web\/wp-json\/wp\/v2\/categories?post=32302"},{"taxonomy":"post_tag","embeddable":true,"href":"http:\/\/www.perupesquero.org\/web\/wp-json\/wp\/v2\/tags?post=32302"}],"curies":[{"name":"wp","href":"https:\/\/api.w.org\/{rel}","templated":true}]}}