{"id":32298,"date":"2026-02-04T13:24:18","date_gmt":"2026-02-04T18:24:18","guid":{"rendered":"https:\/\/www.perupesquero.org\/web\/?p=32298"},"modified":"2026-02-04T13:26:39","modified_gmt":"2026-02-04T18:26:39","slug":"pescador-desaparece-durante-la-recoleccion-de-huevera-en-el-mar-de-pisco","status":"publish","type":"post","link":"http:\/\/www.perupesquero.org\/web\/pescador-desaparece-durante-la-recoleccion-de-huevera-en-el-mar-de-pisco\/","title":{"rendered":"Pescador desaparece durante la recolecci\u00f3n de huevera en el mar de Pisco"},"content":{"rendered":"<p>La angustia envuelve a una familia del distrito de San Andr\u00e9s tras la desaparici\u00f3n de Yamir Antonio Oscco P\u00e1ucar (27), conocido entre sus compa\u00f1eros como <em>\u201cChucky\u201d<\/em>. El joven sali\u00f3 a trabajar en una faena de recolecci\u00f3n de huevera y desde entonces no volvi\u00f3 a ser visto. Ante esta situaci\u00f3n, la Fiscal\u00eda ha iniciado una investigaci\u00f3n para esclarecer lo ocurrido en el mar de Pisco.<\/p>\n<p>Desaparici\u00f3n en la Isla Infiernillo<\/p>\n<p>Seg\u00fan la denuncia presentada en la comisar\u00eda del distrito, Yamir se embarc\u00f3 el pasado 20 de enero desde el muelle de San Andr\u00e9s con destino a una zona cercana a la isla Infiernillo. Al pasar los d\u00edas sin noticias y frente al silencio de los tripulantes, su madre, Mar\u00eda \u00c1ngela P\u00e1ucar V\u00e1zquez, y su hermano, Willian Carvajal P\u00e1ucar, acudieron a las autoridades para reportar oficialmente su desaparici\u00f3n.<\/p>\n<p>De acuerdo con los testimonios preliminares de los pescadores que lo acompa\u00f1aban, la noche del 24 de enero Yamir se habr\u00eda arrojado al mar en dos oportunidades, siendo rescatado por sus compa\u00f1eros. Posteriormente, fue colocado en la parte posterior de la embarcaci\u00f3n para que descanse. Sin embargo, al amanecer del d\u00eda siguiente, los tripulantes se percataron de que el joven ya no se encontraba a bordo.<\/p>\n<p>Un hecho que ha llamado la atenci\u00f3n de las autoridades es que la desaparici\u00f3n no fue comunicada de inmediato ni a la Capitan\u00eda de Puerto ni a la Polic\u00eda Nacional. Uno de los tripulantes habr\u00eda manifestado que no dieron aviso por temor, situaci\u00f3n que ha generado dudas y ha reforzado la necesidad de una investigaci\u00f3n exhaustiva.<\/p>\n<p>Actualmente, los dos pescadores que regresaron de la faena vienen rindiendo declaraci\u00f3n ante la Polic\u00eda Nacional como parte de las diligencias en curso. Mientras tanto, familiares y vecinos mantienen la esperanza de conocer la verdad y exigen que el caso no quede impune, en medio del dolor que deja la desaparici\u00f3n de un joven que sali\u00f3 a trabajar y nunca regres\u00f3 a casa.<\/p>\n<p>Recogiedo del diario El Correo.<\/p>\n<p>&nbsp;<\/p>\n","protected":false},"excerpt":{"rendered":"<p>La angustia envuelve a una familia del distrito de San Andr\u00e9s tras la desaparici\u00f3n de Yamir Antonio Oscco P\u00e1ucar (27), conocido entre sus compa\u00f1eros como \u201cChucky\u201d. El joven sali\u00f3 a trabajar en una faena de recolecci\u00f3n de huevera y desde entonces no volvi\u00f3 a ser visto. Ante esta situaci\u00f3n, la Fiscal\u00eda ha iniciado una investigaci\u00f3n [&hellip;]<\/p>\n","protected":false},"author":2,"featured_media":32299,"comment_status":"open","ping_status":"open","sticky":false,"template":"","format":"standard","meta":{"footnotes":""},"categories":[63],"tags":[],"class_list":["post-32298","post","type-post","status-publish","format-standard","has-post-thumbnail","hentry","category-noticias"],"_links":{"self":[{"href":"http:\/\/www.perupesquero.org\/web\/wp-json\/wp\/v2\/posts\/32298","targetHints":{"allow":["GET"]}}],"collection":[{"href":"http:\/\/www.perupesquero.org\/web\/wp-json\/wp\/v2\/posts"}],"about":[{"href":"http:\/\/www.perupesquero.org\/web\/wp-json\/wp\/v2\/types\/post"}],"author":[{"embeddable":true,"href":"http:\/\/www.perupesquero.org\/web\/wp-json\/wp\/v2\/users\/2"}],"replies":[{"embeddable":true,"href":"http:\/\/www.perupesquero.org\/web\/wp-json\/wp\/v2\/comments?post=32298"}],"version-history":[{"count":2,"href":"http:\/\/www.perupesquero.org\/web\/wp-json\/wp\/v2\/posts\/32298\/revisions"}],"predecessor-version":[{"id":32301,"href":"http:\/\/www.perupesquero.org\/web\/wp-json\/wp\/v2\/posts\/32298\/revisions\/32301"}],"wp:featuredmedia":[{"embeddable":true,"href":"http:\/\/www.perupesquero.org\/web\/wp-json\/wp\/v2\/media\/32299"}],"wp:attachment":[{"href":"http:\/\/www.perupesquero.org\/web\/wp-json\/wp\/v2\/media?parent=32298"}],"wp:term":[{"taxonomy":"category","embeddable":true,"href":"http:\/\/www.perupesquero.org\/web\/wp-json\/wp\/v2\/categories?post=32298"},{"taxonomy":"post_tag","embeddable":true,"href":"http:\/\/www.perupesquero.org\/web\/wp-json\/wp\/v2\/tags?post=32298"}],"curies":[{"name":"wp","href":"https:\/\/api.w.org\/{rel}","templated":true}]}}