{"id":32277,"date":"2026-02-01T21:55:36","date_gmt":"2026-02-02T02:55:36","guid":{"rendered":"https:\/\/www.perupesquero.org\/web\/?p=32277"},"modified":"2026-02-01T21:56:17","modified_gmt":"2026-02-02T02:56:17","slug":"los-cambios-en-el-comportamiento-del-oceano-que-alertan-a-la-comunidad-cientifica","status":"publish","type":"post","link":"http:\/\/www.perupesquero.org\/web\/los-cambios-en-el-comportamiento-del-oceano-que-alertan-a-la-comunidad-cientifica\/","title":{"rendered":"Los cambios en el comportamiento del oc\u00e9ano que alertan a la comunidad cient\u00edfica"},"content":{"rendered":"<p>El calentamiento global est\u00e1 provocando alteraciones profundas en la din\u00e1mica del oc\u00e9ano, con impactos cada vez m\u00e1s evidentes en las corrientes marinas, la temperatura del agua y el comportamiento de las especies. Estos cambios ya est\u00e1n generando consecuencias ecol\u00f3gicas, clim\u00e1ticas y econ\u00f3micas que preocupan a la comunidad cient\u00edfica internacional.<\/p>\n<p>Investigadores de distintas regiones del mundo advierten que el oc\u00e9ano atraviesa transformaciones sin precedentes. Pa\u00edses cuya econom\u00eda depende fuertemente de actividades vinculadas al mar, como la pesca, el transporte y el turismo, comenzaron a notar estos efectos hace a\u00f1os, pero hoy la evidencia se vuelve cada vez m\u00e1s contundente y global.<\/p>\n<p>Uno de los casos m\u00e1s recientes es el de Jap\u00f3n. El profesor Shusaku Sugimoto, de la Universidad de Tohoku, calific\u00f3 como <em>\u201csin precedentes\u201d<\/em> el aumento de hasta 6 \u00b0C en la temperatura del agua frente a determinadas zonas costeras, un fen\u00f3meno que se ha mantenido durante varios a\u00f1os y que ha modificado la distribuci\u00f3n de especies marinas, afectando seriamente a las pesquer\u00edas tradicionales.<\/p>\n<p>Este tipo de anomal\u00edas no se limita a una regi\u00f3n en particular. A escala global, los oc\u00e9anos est\u00e1n absorbiendo m\u00e1s energ\u00eda t\u00e9rmica que nunca. En 2025, se registr\u00f3 el mayor contenido de calor oce\u00e1nico desde que existen mediciones modernas, una tendencia directamente asociada al calentamiento clim\u00e1tico generado por la actividad humana.<\/p>\n<p>El calentamiento global y sus efectos en el oc\u00e9ano<\/p>\n<p>El aumento de la temperatura del agua no es el \u00fanico motivo de preocupaci\u00f3n. El oc\u00e9ano tambi\u00e9n se est\u00e1 acidificando a un ritmo acelerado al absorber grandes cantidades de di\u00f3xido de carbono de la atm\u00f3sfera. Este proceso reduce el pH del agua de mar y amenaza a organismos con conchas o esqueletos de carbonato de calcio, como corales, moluscos y algunos tipos de plancton, fundamentales para las cadenas alimentarias marinas.<\/p>\n<p>A estos cambios qu\u00edmicos se suman otros factores cr\u00edticos, como la disminuci\u00f3n del ox\u00edgeno disuelto en amplias zonas oce\u00e1nicas, fen\u00f3meno conocido como desoxigenaci\u00f3n, y el aumento de la salinidad en determinadas regiones. En conjunto, estas alteraciones generan un estr\u00e9s m\u00faltiple sobre los ecosistemas marinos, que enfrentan tasas de cambio nunca antes observadas.<\/p>\n<p>Las consecuencias ya son visibles en eventos como el blanqueamiento masivo de corales y la p\u00e9rdida acelerada de arrecifes, que constituyen la base de la biodiversidad marina y sustentan los medios de vida de millones de personas en todo el mundo.<\/p>\n<p>Asimismo, los cambios en la temperatura y la qu\u00edmica del oc\u00e9ano est\u00e1n alterando los patrones de distribuci\u00f3n de las especies, que migran hacia aguas m\u00e1s fr\u00edas o profundas. Esto modifica las cadenas tr\u00f3ficas, reduce la disponibilidad de recursos en zonas hist\u00f3ricas de pesca y desestabiliza econom\u00edas costeras que dependen de capturas tradicionales.<\/p>\n<p>Los cient\u00edficos coinciden en que estos procesos representan una se\u00f1al de alerta urgente y subrayan la necesidad de acciones coordinadas a nivel global para mitigar el cambio clim\u00e1tico y proteger la salud del oc\u00e9ano, uno de los principales reguladores del clima del planeta.<\/p>\n<p>&nbsp;<\/p>\n","protected":false},"excerpt":{"rendered":"<p>El calentamiento global est\u00e1 provocando alteraciones profundas en la din\u00e1mica del oc\u00e9ano, con impactos cada vez m\u00e1s evidentes en las corrientes marinas, la temperatura del agua y el comportamiento de las especies. Estos cambios ya est\u00e1n generando consecuencias ecol\u00f3gicas, clim\u00e1ticas y econ\u00f3micas que preocupan a la comunidad cient\u00edfica internacional. Investigadores de distintas regiones del mundo [&hellip;]<\/p>\n","protected":false},"author":2,"featured_media":32278,"comment_status":"open","ping_status":"open","sticky":false,"template":"","format":"standard","meta":{"footnotes":""},"categories":[63],"tags":[],"class_list":["post-32277","post","type-post","status-publish","format-standard","has-post-thumbnail","hentry","category-noticias"],"_links":{"self":[{"href":"http:\/\/www.perupesquero.org\/web\/wp-json\/wp\/v2\/posts\/32277","targetHints":{"allow":["GET"]}}],"collection":[{"href":"http:\/\/www.perupesquero.org\/web\/wp-json\/wp\/v2\/posts"}],"about":[{"href":"http:\/\/www.perupesquero.org\/web\/wp-json\/wp\/v2\/types\/post"}],"author":[{"embeddable":true,"href":"http:\/\/www.perupesquero.org\/web\/wp-json\/wp\/v2\/users\/2"}],"replies":[{"embeddable":true,"href":"http:\/\/www.perupesquero.org\/web\/wp-json\/wp\/v2\/comments?post=32277"}],"version-history":[{"count":1,"href":"http:\/\/www.perupesquero.org\/web\/wp-json\/wp\/v2\/posts\/32277\/revisions"}],"predecessor-version":[{"id":32279,"href":"http:\/\/www.perupesquero.org\/web\/wp-json\/wp\/v2\/posts\/32277\/revisions\/32279"}],"wp:featuredmedia":[{"embeddable":true,"href":"http:\/\/www.perupesquero.org\/web\/wp-json\/wp\/v2\/media\/32278"}],"wp:attachment":[{"href":"http:\/\/www.perupesquero.org\/web\/wp-json\/wp\/v2\/media?parent=32277"}],"wp:term":[{"taxonomy":"category","embeddable":true,"href":"http:\/\/www.perupesquero.org\/web\/wp-json\/wp\/v2\/categories?post=32277"},{"taxonomy":"post_tag","embeddable":true,"href":"http:\/\/www.perupesquero.org\/web\/wp-json\/wp\/v2\/tags?post=32277"}],"curies":[{"name":"wp","href":"https:\/\/api.w.org\/{rel}","templated":true}]}}