{"id":32221,"date":"2026-01-21T19:18:45","date_gmt":"2026-01-22T00:18:45","guid":{"rendered":"https:\/\/www.perupesquero.org\/web\/?p=32221"},"modified":"2026-01-21T19:18:55","modified_gmt":"2026-01-22T00:18:55","slug":"alerta-cientifica-igp-confirma-tormenta-geomagnetica-severa-sobre-el-peru","status":"publish","type":"post","link":"http:\/\/www.perupesquero.org\/web\/alerta-cientifica-igp-confirma-tormenta-geomagnetica-severa-sobre-el-peru\/","title":{"rendered":"Alerta cient\u00edfica: IGP confirma tormenta geomagn\u00e9tica severa sobre el Per\u00fa"},"content":{"rendered":"<p>El Instituto Geof\u00edsico del Per\u00fa (IGP), organismo adscrito al Ministerio del Ambiente (MINAM), confirm\u00f3 que el pa\u00eds viene siendo afectado por una tormenta geomagn\u00e9tica de clase G4 (severa). Este evento fue originado por una eyecci\u00f3n de masa coronal (CME) de alta velocidad, asociada a una llamarada solar de clase X1.9, que impact\u00f3 el campo magn\u00e9tico terrestre tras un desplazamiento excepcionalmente r\u00e1pido de aproximadamente 25 horas.<\/p>\n<p data-start=\"674\" data-end=\"1124\">Se trata de uno de los eventos de mayor intensidad registrados en m\u00e1s de dos d\u00e9cadas, generando una fuerte actividad geomagn\u00e9tica y perturbaciones significativas en la ionosfera. Los registros muestran variaciones entre niveles de tormenta moderada y severa, con \u00edndices geomagn\u00e9ticos extremos, mientras que en latitudes altas del planeta se han observado auroras como resultado de la interacci\u00f3n entre la CME y la magnetosfera terrestre.<\/p>\n<p data-start=\"1126\" data-end=\"1592\">El IGP advierte que estas alteraciones pueden provocar afectaciones tecnol\u00f3gicas, como errores en la precisi\u00f3n del GNSS (GPS), interferencias en las comunicaciones aeron\u00e1uticas, riesgos para sat\u00e9lites de \u00f3rbita baja y posibles perturbaciones en sistemas el\u00e9ctricos. La instituci\u00f3n mantiene monitoreo permanente en tiempo real y recomienda a los operadores de infraestructura cr\u00edtica adoptar medidas preventivas ante eventuales fallas o p\u00e9rdidas de se\u00f1al.<\/p>\n<p>&nbsp;<\/p>\n<p>&nbsp;<\/p>\n","protected":false},"excerpt":{"rendered":"<p>El Instituto Geof\u00edsico del Per\u00fa (IGP), organismo adscrito al Ministerio del Ambiente (MINAM), confirm\u00f3 que el pa\u00eds viene siendo afectado por una tormenta geomagn\u00e9tica de clase G4 (severa). Este evento fue originado por una eyecci\u00f3n de masa coronal (CME) de alta velocidad, asociada a una llamarada solar de clase X1.9, que impact\u00f3 el campo magn\u00e9tico [&hellip;]<\/p>\n","protected":false},"author":2,"featured_media":32222,"comment_status":"open","ping_status":"open","sticky":false,"template":"","format":"standard","meta":{"footnotes":""},"categories":[63],"tags":[],"class_list":["post-32221","post","type-post","status-publish","format-standard","has-post-thumbnail","hentry","category-noticias"],"_links":{"self":[{"href":"http:\/\/www.perupesquero.org\/web\/wp-json\/wp\/v2\/posts\/32221","targetHints":{"allow":["GET"]}}],"collection":[{"href":"http:\/\/www.perupesquero.org\/web\/wp-json\/wp\/v2\/posts"}],"about":[{"href":"http:\/\/www.perupesquero.org\/web\/wp-json\/wp\/v2\/types\/post"}],"author":[{"embeddable":true,"href":"http:\/\/www.perupesquero.org\/web\/wp-json\/wp\/v2\/users\/2"}],"replies":[{"embeddable":true,"href":"http:\/\/www.perupesquero.org\/web\/wp-json\/wp\/v2\/comments?post=32221"}],"version-history":[{"count":1,"href":"http:\/\/www.perupesquero.org\/web\/wp-json\/wp\/v2\/posts\/32221\/revisions"}],"predecessor-version":[{"id":32223,"href":"http:\/\/www.perupesquero.org\/web\/wp-json\/wp\/v2\/posts\/32221\/revisions\/32223"}],"wp:featuredmedia":[{"embeddable":true,"href":"http:\/\/www.perupesquero.org\/web\/wp-json\/wp\/v2\/media\/32222"}],"wp:attachment":[{"href":"http:\/\/www.perupesquero.org\/web\/wp-json\/wp\/v2\/media?parent=32221"}],"wp:term":[{"taxonomy":"category","embeddable":true,"href":"http:\/\/www.perupesquero.org\/web\/wp-json\/wp\/v2\/categories?post=32221"},{"taxonomy":"post_tag","embeddable":true,"href":"http:\/\/www.perupesquero.org\/web\/wp-json\/wp\/v2\/tags?post=32221"}],"curies":[{"name":"wp","href":"https:\/\/api.w.org\/{rel}","templated":true}]}}