{"id":32192,"date":"2026-01-13T18:13:10","date_gmt":"2026-01-13T23:13:10","guid":{"rendered":"https:\/\/www.perupesquero.org\/web\/?p=32192"},"modified":"2026-01-13T18:17:11","modified_gmt":"2026-01-13T23:17:11","slug":"imarpe-reporta-varazon-de-anchoveta-y-otras-especies-en-el-litoral-de-tacna","status":"publish","type":"post","link":"http:\/\/www.perupesquero.org\/web\/imarpe-reporta-varazon-de-anchoveta-y-otras-especies-en-el-litoral-de-tacna\/","title":{"rendered":"Imarpe reporta varaz\u00f3n de anchoveta y otras especies en el litoral de Tacna"},"content":{"rendered":"<p>Durante los d\u00edas 11 y 12 de enero de 2026, se registr\u00f3 una varaz\u00f3n de anchoveta (<em data-start=\"297\" data-end=\"316\">Engraulis ringens<\/em>), junto con otras especies costeras como pejerrey (<em data-start=\"368\" data-end=\"387\">Odontesthes regia<\/em>), cabinza (<em data-start=\"399\" data-end=\"420\">Isacia conceptionis<\/em>) y lisa (<em data-start=\"430\" data-end=\"446\">Mugil cephalus<\/em>), en el litoral de la regi\u00f3n Tacna.<\/p>\n<p data-start=\"484\" data-end=\"609\">El evento ocurri\u00f3 en un tramo costero de aproximadamente 2,7 kil\u00f3metros, comprendido entre las playas de Llostay y La Morena.<\/p>\n<p data-start=\"611\" data-end=\"1037\">Al respecto, el Instituto del Mar del Per\u00fa (Imarpe), a trav\u00e9s de sus investigadores de la sede Ilo, realiz\u00f3 monitoreos en la estaci\u00f3n costera fija de Ilo (muelle Fiscal). Los registros indicaron que la temperatura superficial del mar alcanz\u00f3 valores promedio de 15,6 \u00b0C el 11 de enero y 15,8 \u00b0C el 12 de enero. Asimismo, se registraron velocidades de viento que oscilaron entre 3,8 y 5,2 metros por segundo durante ambos d\u00edas.<\/p>\n<p data-start=\"1039\" data-end=\"1354\">Seg\u00fan los especialistas del Imarpe, la varaz\u00f3n estar\u00eda asociada al incremento estacional de la temperatura del mar caracter\u00edstico de los meses de verano. Estas condiciones favorecen el ingreso de masas de agua relativamente m\u00e1s c\u00e1lidas hacia la franja costera, especialmente en zonas de rompiente con alta din\u00e1mica.<\/p>\n<p data-start=\"1356\" data-end=\"1568\">Adem\u00e1s, el calentamiento inusual observado en el \u00e1rea podr\u00eda haber contribuido a la ocurrencia de este evento, fen\u00f3meno que ya se ha presentado en a\u00f1os anteriores y que podr\u00eda persistir durante el verano de 2026.<\/p>\n<p data-start=\"1570\" data-end=\"1765\">El Imarpe continuar\u00e1 realizando el monitoreo permanente y los an\u00e1lisis correspondientes, y comunicar\u00e1 oportunamente cualquier informaci\u00f3n relevante a la poblaci\u00f3n y a las autoridades competentes.<\/p>\n<p data-start=\"1570\" data-end=\"1765\">Fotograf\u00eda: Imarpe<\/p>\n<p>&nbsp;<\/p>\n","protected":false},"excerpt":{"rendered":"<p>Durante los d\u00edas 11 y 12 de enero de 2026, se registr\u00f3 una varaz\u00f3n de anchoveta (Engraulis ringens), junto con otras especies costeras como pejerrey (Odontesthes regia), cabinza (Isacia conceptionis) y lisa (Mugil cephalus), en el litoral de la regi\u00f3n Tacna. El evento ocurri\u00f3 en un tramo costero de aproximadamente 2,7 kil\u00f3metros, comprendido entre las [&hellip;]<\/p>\n","protected":false},"author":2,"featured_media":32194,"comment_status":"open","ping_status":"open","sticky":false,"template":"","format":"standard","meta":{"footnotes":""},"categories":[63],"tags":[],"class_list":["post-32192","post","type-post","status-publish","format-standard","has-post-thumbnail","hentry","category-noticias"],"_links":{"self":[{"href":"http:\/\/www.perupesquero.org\/web\/wp-json\/wp\/v2\/posts\/32192","targetHints":{"allow":["GET"]}}],"collection":[{"href":"http:\/\/www.perupesquero.org\/web\/wp-json\/wp\/v2\/posts"}],"about":[{"href":"http:\/\/www.perupesquero.org\/web\/wp-json\/wp\/v2\/types\/post"}],"author":[{"embeddable":true,"href":"http:\/\/www.perupesquero.org\/web\/wp-json\/wp\/v2\/users\/2"}],"replies":[{"embeddable":true,"href":"http:\/\/www.perupesquero.org\/web\/wp-json\/wp\/v2\/comments?post=32192"}],"version-history":[{"count":1,"href":"http:\/\/www.perupesquero.org\/web\/wp-json\/wp\/v2\/posts\/32192\/revisions"}],"predecessor-version":[{"id":32193,"href":"http:\/\/www.perupesquero.org\/web\/wp-json\/wp\/v2\/posts\/32192\/revisions\/32193"}],"wp:featuredmedia":[{"embeddable":true,"href":"http:\/\/www.perupesquero.org\/web\/wp-json\/wp\/v2\/media\/32194"}],"wp:attachment":[{"href":"http:\/\/www.perupesquero.org\/web\/wp-json\/wp\/v2\/media?parent=32192"}],"wp:term":[{"taxonomy":"category","embeddable":true,"href":"http:\/\/www.perupesquero.org\/web\/wp-json\/wp\/v2\/categories?post=32192"},{"taxonomy":"post_tag","embeddable":true,"href":"http:\/\/www.perupesquero.org\/web\/wp-json\/wp\/v2\/tags?post=32192"}],"curies":[{"name":"wp","href":"https:\/\/api.w.org\/{rel}","templated":true}]}}